{"id":4768,"date":"2026-09-01T15:08:29","date_gmt":"2026-09-01T18:08:29","guid":{"rendered":"https:\/\/canal4nogoya.com\/web\/?p=4768"},"modified":"2026-09-01T15:08:32","modified_gmt":"2026-09-01T18:08:32","slug":"mas-de-1-millon-de-personas-se-quedaron-sin-cobertura-medica","status":"publish","type":"post","link":"https:\/\/canal4nogoya.com\/web\/mas-de-1-millon-de-personas-se-quedaron-sin-cobertura-medica\/","title":{"rendered":"M\u00e1s de 1 mill\u00f3n de personas se quedaron sin cobertura m\u00e9dica"},"content":{"rendered":"\n<p class=\"wp-block-paragraph\"><\/p>\n\n\n\n<p class=\"wp-block-paragraph\">M\u00e1s de\u00a0<strong>1,2 millones de personas se quedaron sin cobertura m\u00e9dica privada<\/strong>\u00a0en la Argentina en lo que va de la gesti\u00f3n de Javier Milei, en paralelo a aumentos por encima de la inflaci\u00f3n en las prepagas y a la suba del desempleo. Los datos surgen de un informe del\u00a0<strong>Instituto Argentina Grande (IAG)<\/strong>, elaborado en base al INDEC. <\/p>\n\n\n\n<p class=\"wp-block-paragraph\"><\/p>\n\n\n\n<p class=\"wp-block-paragraph\">Entre el cuarto trimestre de 2023 y el primer trimestre de 2026, un total de&nbsp;<strong>1.246.285 personas dejaron de tener cobertura m\u00e9dica privada<\/strong>, ya sea prepaga, obra social o mutual, y pasaron a depender exclusivamente del sistema de salud p\u00fablica. Desde el IAG puntualizan que este traspaso masivo de pacientes est\u00e1 ejerciendo una&nbsp;<strong>presi\u00f3n in\u00e9dita sobre los hospitales<\/strong>&nbsp;y centros de atenci\u00f3n estatales, cuyo peso poblacional aument\u00f3 sin excepci\u00f3n en todas las regiones del pa\u00eds.<\/p>\n\n\n\n<p class=\"wp-block-paragraph\"><\/p>\n\n\n\n<p class=\"wp-block-paragraph\">El reporte detall\u00f3 que el fen\u00f3meno se explica por una combinaci\u00f3n de\u00a0<strong>desregulaci\u00f3n de precios y ca\u00edda del empleo formal<\/strong>. En relaci\u00f3n a los aumentos, precis\u00f3 que desde noviembre de 2023 hasta julio de 2026 las cuotas de las empresas de medicina prepaga\u00a0<strong>se dispararon un 475%<\/strong>, superando a la inflaci\u00f3n acumulada en el mismo per\u00edodo, que se ubic\u00f3 en un 329%. <\/p>\n\n\n\n<p class=\"wp-block-paragraph\"><\/p>\n\n\n\n<p class=\"wp-block-paragraph\">En cuanto al empleo, indic\u00f3 que desde la asunci\u00f3n del gobierno de Milei\u00a0<strong>se perdieron 241.746 puestos de trabajo<\/strong>. La p\u00e9rdida de un empleo formal es inescindible de la crisis sanitaria, ya que interrumpe de forma inmediata la afiliaci\u00f3n a las obras sociales, desamparando tanto al trabajador como a todo su grupo familiar.<\/p>\n\n\n\n<p class=\"wp-block-paragraph\"><\/p>\n\n\n\n<p class=\"wp-block-paragraph\">La p\u00e9rdida de la obra social, prepaga o mutual se dio de manera pr\u00e1cticamente sim\u00e9trica entre g\u00e9neros. En las mujeres, un total de&nbsp;<strong>624.948 perdieron su cobertura m\u00e9dica privada<\/strong>: la poblaci\u00f3n femenina que depende exclusivamente del hospital p\u00fablico aument\u00f3 un 13,35%, pasando de 4.682.237 a 5.307.185 entre fines de 2023 y principios de 2026.<\/p>\n\n\n\n<p class=\"wp-block-paragraph\"><\/p>\n\n\n\n<p class=\"wp-block-paragraph\">En paralelo,&nbsp;<strong>621.337 hombres quedaron sin cobertura de salud privada<\/strong>, un incremento del 13,09%, elevando el n\u00famero de varones dependientes de la salud p\u00fablica de 4.745.894 a 5.367.231 en el mismo lapso.<\/p>\n","protected":false},"excerpt":{"rendered":"<p>M\u00e1s de\u00a01,2 millones de personas se quedaron sin cobertura m\u00e9dica privada\u00a0en la Argentina en lo que va de la gesti\u00f3n de Javier Milei, en paralelo a aumentos por encima de la inflaci\u00f3n en las prepagas y a la suba del desempleo. Los datos surgen de un informe del\u00a0Instituto Argentina Grande (IAG), elaborado en base al&#8230;<\/p>\n","protected":false},"author":3,"featured_media":4769,"comment_status":"open","ping_status":"closed","sticky":false,"template":"","format":"standard","meta":{"_monsterinsights_skip_tracking":false,"footnotes":""},"categories":[9],"tags":[],"class_list":["post-4768","post","type-post","status-publish","format-standard","has-post-thumbnail","hentry","category-nacionales"],"aioseo_notices":[],"aioseo_head":"\n\t\t<!-- All in One SEO 5.0.1.1 - aioseo.com -->\n\t<meta name=\"description\" content=\"M\u00e1s de 1,2 millones de personas se quedaron sin cobertura m\u00e9dica privada en la Argentina en lo que va de la gesti\u00f3n de Javier Milei, en paralelo a aumentos por encima de la inflaci\u00f3n en las prepagas y a la suba del desempleo. Los datos surgen de un informe del Instituto Argentina Grande (IAG), elaborado en base al\" \/>\n\t<meta name=\"robots\" content=\"max-image-preview:large\" \/>\n\t<meta name=\"author\" content=\"Redacci\u00f3n\"\/>\n\t<link rel=\"canonical\" href=\"https:\/\/canal4nogoya.com\/web\/mas-de-1-millon-de-personas-se-quedaron-sin-cobertura-medica\/\" \/>\n\t<meta name=\"generator\" content=\"All in One SEO (AIOSEO) 5.0.1.1\" \/>\n\t\t<meta property=\"og:locale\" content=\"es_ES\" \/>\n\t\t<meta property=\"og:site_name\" content=\"Canal 4 Nogoy\u00e1 - Nogoy\u00e1 Televisora Color\" \/>\n\t\t<meta property=\"og:type\" content=\"article\" \/>\n\t\t<meta property=\"og:title\" content=\"M\u00e1s de 1 mill\u00f3n de personas se quedaron sin cobertura m\u00e9dica - Canal 4 Nogoy\u00e1\" \/>\n\t\t<meta property=\"og:description\" content=\"M\u00e1s de 1,2 millones de personas se quedaron sin cobertura m\u00e9dica privada en la Argentina en lo que va de la gesti\u00f3n de Javier Milei, en paralelo a aumentos por encima de la inflaci\u00f3n en las prepagas y a la suba del desempleo. Los datos surgen de un informe del Instituto Argentina Grande (IAG), elaborado en base al\" \/>\n\t\t<meta property=\"og:url\" content=\"https:\/\/canal4nogoya.com\/web\/mas-de-1-millon-de-personas-se-quedaron-sin-cobertura-medica\/\" \/>\n\t\t<meta property=\"og:image\" content=\"https:\/\/canal4nogoya.com\/web\/wp-content\/uploads\/2026\/09\/1-1-1-1-1-a-SCM.webp\" \/>\n\t\t<meta property=\"og:image:secure_url\" content=\"https:\/\/canal4nogoya.com\/web\/wp-content\/uploads\/2026\/09\/1-1-1-1-1-a-SCM.webp\" \/>\n\t\t<meta property=\"og:image:width\" content=\"613\" \/>\n\t\t<meta property=\"og:image:height\" content=\"407\" \/>\n\t\t<meta property=\"article:published_time\" content=\"2026-09-01T18:08:29+00:00\" \/>\n\t\t<meta property=\"article:modified_time\" content=\"2026-09-01T18:08:32+00:00\" \/>\n\t\t<meta name=\"twitter:card\" content=\"summary_large_image\" \/>\n\t\t<meta name=\"twitter:title\" content=\"M\u00e1s de 1 mill\u00f3n de personas se quedaron sin cobertura m\u00e9dica - Canal 4 Nogoy\u00e1\" \/>\n\t\t<meta name=\"twitter:description\" content=\"M\u00e1s de 1,2 millones de personas se quedaron sin cobertura m\u00e9dica privada en la Argentina en lo que va de la gesti\u00f3n de Javier Milei, en paralelo a aumentos por encima de la inflaci\u00f3n en las prepagas y a la suba del desempleo. Los datos surgen de un informe del Instituto Argentina Grande (IAG), elaborado en base al\" \/>\n\t\t<meta name=\"twitter:image\" content=\"https:\/\/canal4nogoya.com\/web\/wp-content\/uploads\/2026\/09\/1-1-1-1-1-a-SCM.webp\" \/>\n\t\t<script type=\"application\/ld+json\" class=\"aioseo-schema\">\n\t\t\t{\"@context\":\"https:\\\/\\\/schema.org\",\"@graph\":[{\"@type\":\"BlogPosting\",\"@id\":\"https:\\\/\\\/canal4nogoya.com\\\/web\\\/mas-de-1-millon-de-personas-se-quedaron-sin-cobertura-medica\\\/#blogposting\",\"name\":\"M\\u00e1s de 1 mill\\u00f3n de personas se quedaron sin cobertura m\\u00e9dica - Canal 4 Nogoy\\u00e1\",\"headline\":\"M\\u00e1s de 1 mill\\u00f3n de personas se quedaron sin cobertura m\\u00e9dica\",\"author\":{\"@id\":\"https:\\\/\\\/canal4nogoya.com\\\/web\\\/author\\\/gonzalo\\\/#author\"},\"publisher\":{\"@id\":\"https:\\\/\\\/canal4nogoya.com\\\/web\\\/#organization\"},\"image\":{\"@type\":\"ImageObject\",\"url\":\"https:\\\/\\\/canal4nogoya.com\\\/web\\\/wp-content\\\/uploads\\\/2026\\\/09\\\/1-1-1-1-1-a-SCM.webp\",\"width\":613,\"height\":407},\"datePublished\":\"2026-09-01T15:08:29-03:00\",\"dateModified\":\"2026-09-01T15:08:32-03:00\",\"inLanguage\":\"es-ES\",\"mainEntityOfPage\":{\"@id\":\"https:\\\/\\\/canal4nogoya.com\\\/web\\\/mas-de-1-millon-de-personas-se-quedaron-sin-cobertura-medica\\\/#webpage\"},\"isPartOf\":{\"@id\":\"https:\\\/\\\/canal4nogoya.com\\\/web\\\/mas-de-1-millon-de-personas-se-quedaron-sin-cobertura-medica\\\/#webpage\"},\"articleSection\":\"Nacionales\"},{\"@type\":\"BreadcrumbList\",\"@id\":\"https:\\\/\\\/canal4nogoya.com\\\/web\\\/mas-de-1-millon-de-personas-se-quedaron-sin-cobertura-medica\\\/#breadcrumblist\",\"itemListElement\":[{\"@type\":\"ListItem\",\"@id\":\"https:\\\/\\\/canal4nogoya.com\\\/web#listItem\",\"position\":1,\"name\":\"Home\",\"item\":\"https:\\\/\\\/canal4nogoya.com\\\/web\",\"nextItem\":{\"@type\":\"ListItem\",\"@id\":\"https:\\\/\\\/canal4nogoya.com\\\/web\\\/category\\\/nacionales\\\/#listItem\",\"name\":\"Nacionales\"}},{\"@type\":\"ListItem\",\"@id\":\"https:\\\/\\\/canal4nogoya.com\\\/web\\\/category\\\/nacionales\\\/#listItem\",\"position\":2,\"name\":\"Nacionales\",\"item\":\"https:\\\/\\\/canal4nogoya.com\\\/web\\\/category\\\/nacionales\\\/\",\"nextItem\":{\"@type\":\"ListItem\",\"@id\":\"https:\\\/\\\/canal4nogoya.com\\\/web\\\/mas-de-1-millon-de-personas-se-quedaron-sin-cobertura-medica\\\/#listItem\",\"name\":\"M\\u00e1s de 1 mill\\u00f3n de personas se quedaron sin cobertura m\\u00e9dica\"},\"previousItem\":{\"@type\":\"ListItem\",\"@id\":\"https:\\\/\\\/canal4nogoya.com\\\/web#listItem\",\"name\":\"Home\"}},{\"@type\":\"ListItem\",\"@id\":\"https:\\\/\\\/canal4nogoya.com\\\/web\\\/mas-de-1-millon-de-personas-se-quedaron-sin-cobertura-medica\\\/#listItem\",\"position\":3,\"name\":\"M\\u00e1s de 1 mill\\u00f3n de personas se quedaron sin cobertura m\\u00e9dica\",\"previousItem\":{\"@type\":\"ListItem\",\"@id\":\"https:\\\/\\\/canal4nogoya.com\\\/web\\\/category\\\/nacionales\\\/#listItem\",\"name\":\"Nacionales\"}}]},{\"@type\":\"Organization\",\"@id\":\"https:\\\/\\\/canal4nogoya.com\\\/web\\\/#organization\",\"name\":\"Canal 4 Nogoy\\u00e1\",\"description\":\"Nogoy\\u00e1 Televisora Color\",\"url\":\"https:\\\/\\\/canal4nogoya.com\\\/web\\\/\",\"logo\":{\"@type\":\"ImageObject\",\"url\":\"https:\\\/\\\/canal4nogoya.com\\\/web\\\/wp-content\\\/uploads\\\/2025\\\/04\\\/logos-fondo-blanco.jpg\",\"@id\":\"https:\\\/\\\/canal4nogoya.com\\\/web\\\/mas-de-1-millon-de-personas-se-quedaron-sin-cobertura-medica\\\/#organizationLogo\",\"width\":2353,\"height\":1080},\"image\":{\"@id\":\"https:\\\/\\\/canal4nogoya.com\\\/web\\\/mas-de-1-millon-de-personas-se-quedaron-sin-cobertura-medica\\\/#organizationLogo\"}},{\"@type\":\"Person\",\"@id\":\"https:\\\/\\\/canal4nogoya.com\\\/web\\\/author\\\/gonzalo\\\/#author\",\"url\":\"https:\\\/\\\/canal4nogoya.com\\\/web\\\/author\\\/gonzalo\\\/\",\"name\":\"Redacci\\u00f3n\",\"image\":{\"@type\":\"ImageObject\",\"@id\":\"https:\\\/\\\/canal4nogoya.com\\\/web\\\/mas-de-1-millon-de-personas-se-quedaron-sin-cobertura-medica\\\/#authorImage\",\"url\":\"https:\\\/\\\/canal4nogoya.com\\\/web\\\/wp-content\\\/litespeed\\\/avatar\\\/1df8586f31106921a2f6ae0d9530296b.jpg?ver=1787987515\",\"width\":96,\"height\":96,\"caption\":\"Redacci\\u00f3n\"}},{\"@type\":\"WebPage\",\"@id\":\"https:\\\/\\\/canal4nogoya.com\\\/web\\\/mas-de-1-millon-de-personas-se-quedaron-sin-cobertura-medica\\\/#webpage\",\"url\":\"https:\\\/\\\/canal4nogoya.com\\\/web\\\/mas-de-1-millon-de-personas-se-quedaron-sin-cobertura-medica\\\/\",\"name\":\"M\\u00e1s de 1 mill\\u00f3n de personas se quedaron sin cobertura m\\u00e9dica - Canal 4 Nogoy\\u00e1\",\"description\":\"M\\u00e1s de 1,2 millones de personas se quedaron sin cobertura m\\u00e9dica privada en la Argentina en lo que va de la gesti\\u00f3n de Javier Milei, en paralelo a aumentos por encima de la inflaci\\u00f3n en las prepagas y a la suba del desempleo. Los datos surgen de un informe del Instituto Argentina Grande (IAG), elaborado en base al\",\"inLanguage\":\"es-ES\",\"isPartOf\":{\"@id\":\"https:\\\/\\\/canal4nogoya.com\\\/web\\\/#website\"},\"breadcrumb\":{\"@id\":\"https:\\\/\\\/canal4nogoya.com\\\/web\\\/mas-de-1-millon-de-personas-se-quedaron-sin-cobertura-medica\\\/#breadcrumblist\"},\"author\":{\"@id\":\"https:\\\/\\\/canal4nogoya.com\\\/web\\\/author\\\/gonzalo\\\/#author\"},\"creator\":{\"@id\":\"https:\\\/\\\/canal4nogoya.com\\\/web\\\/author\\\/gonzalo\\\/#author\"},\"image\":{\"@type\":\"ImageObject\",\"url\":\"https:\\\/\\\/canal4nogoya.com\\\/web\\\/wp-content\\\/uploads\\\/2026\\\/09\\\/1-1-1-1-1-a-SCM.webp\",\"@id\":\"https:\\\/\\\/canal4nogoya.com\\\/web\\\/mas-de-1-millon-de-personas-se-quedaron-sin-cobertura-medica\\\/#mainImage\",\"width\":613,\"height\":407},\"primaryImageOfPage\":{\"@id\":\"https:\\\/\\\/canal4nogoya.com\\\/web\\\/mas-de-1-millon-de-personas-se-quedaron-sin-cobertura-medica\\\/#mainImage\"},\"datePublished\":\"2026-09-01T15:08:29-03:00\",\"dateModified\":\"2026-09-01T15:08:32-03:00\"},{\"@type\":\"WebSite\",\"@id\":\"https:\\\/\\\/canal4nogoya.com\\\/web\\\/#website\",\"url\":\"https:\\\/\\\/canal4nogoya.com\\\/web\\\/\",\"name\":\"Canal 4 Nogoy\\u00e1\",\"description\":\"Nogoy\\u00e1 Televisora Color\",\"inLanguage\":\"es-ES\",\"publisher\":{\"@id\":\"https:\\\/\\\/canal4nogoya.com\\\/web\\\/#organization\"}}]}\n\t\t<\/script>\n\t\t<!-- All in One SEO -->\n\n","aioseo_head_json":{"title":"M\u00e1s de 1 mill\u00f3n de personas se quedaron sin cobertura m\u00e9dica - Canal 4 Nogoy\u00e1","description":"M\u00e1s de 1,2 millones de personas se quedaron sin cobertura m\u00e9dica privada en la Argentina en lo que va de la gesti\u00f3n de Javier Milei, en paralelo a aumentos por encima de la inflaci\u00f3n en las prepagas y a la suba del desempleo. Los datos surgen de un informe del Instituto Argentina Grande (IAG), elaborado en base al","canonical_url":"https:\/\/canal4nogoya.com\/web\/mas-de-1-millon-de-personas-se-quedaron-sin-cobertura-medica\/","robots":"max-image-preview:large","keywords":"","webmasterTools":{"miscellaneous":""},"schema":{"@context":"https:\/\/schema.org","@graph":[{"@type":"BlogPosting","@id":"https:\/\/canal4nogoya.com\/web\/mas-de-1-millon-de-personas-se-quedaron-sin-cobertura-medica\/#blogposting","name":"M\u00e1s de 1 mill\u00f3n de personas se quedaron sin cobertura m\u00e9dica - Canal 4 Nogoy\u00e1","headline":"M\u00e1s de 1 mill\u00f3n de personas se quedaron sin cobertura m\u00e9dica","author":{"@id":"https:\/\/canal4nogoya.com\/web\/author\/gonzalo\/#author"},"publisher":{"@id":"https:\/\/canal4nogoya.com\/web\/#organization"},"image":{"@type":"ImageObject","url":"https:\/\/canal4nogoya.com\/web\/wp-content\/uploads\/2026\/09\/1-1-1-1-1-a-SCM.webp","width":613,"height":407},"datePublished":"2026-09-01T15:08:29-03:00","dateModified":"2026-09-01T15:08:32-03:00","inLanguage":"es-ES","mainEntityOfPage":{"@id":"https:\/\/canal4nogoya.com\/web\/mas-de-1-millon-de-personas-se-quedaron-sin-cobertura-medica\/#webpage"},"isPartOf":{"@id":"https:\/\/canal4nogoya.com\/web\/mas-de-1-millon-de-personas-se-quedaron-sin-cobertura-medica\/#webpage"},"articleSection":"Nacionales"},{"@type":"BreadcrumbList","@id":"https:\/\/canal4nogoya.com\/web\/mas-de-1-millon-de-personas-se-quedaron-sin-cobertura-medica\/#breadcrumblist","itemListElement":[{"@type":"ListItem","@id":"https:\/\/canal4nogoya.com\/web#listItem","position":1,"name":"Home","item":"https:\/\/canal4nogoya.com\/web","nextItem":{"@type":"ListItem","@id":"https:\/\/canal4nogoya.com\/web\/category\/nacionales\/#listItem","name":"Nacionales"}},{"@type":"ListItem","@id":"https:\/\/canal4nogoya.com\/web\/category\/nacionales\/#listItem","position":2,"name":"Nacionales","item":"https:\/\/canal4nogoya.com\/web\/category\/nacionales\/","nextItem":{"@type":"ListItem","@id":"https:\/\/canal4nogoya.com\/web\/mas-de-1-millon-de-personas-se-quedaron-sin-cobertura-medica\/#listItem","name":"M\u00e1s de 1 mill\u00f3n de personas se quedaron sin cobertura m\u00e9dica"},"previousItem":{"@type":"ListItem","@id":"https:\/\/canal4nogoya.com\/web#listItem","name":"Home"}},{"@type":"ListItem","@id":"https:\/\/canal4nogoya.com\/web\/mas-de-1-millon-de-personas-se-quedaron-sin-cobertura-medica\/#listItem","position":3,"name":"M\u00e1s de 1 mill\u00f3n de personas se quedaron sin cobertura m\u00e9dica","previousItem":{"@type":"ListItem","@id":"https:\/\/canal4nogoya.com\/web\/category\/nacionales\/#listItem","name":"Nacionales"}}]},{"@type":"Organization","@id":"https:\/\/canal4nogoya.com\/web\/#organization","name":"Canal 4 Nogoy\u00e1","description":"Nogoy\u00e1 Televisora Color","url":"https:\/\/canal4nogoya.com\/web\/","logo":{"@type":"ImageObject","url":"https:\/\/canal4nogoya.com\/web\/wp-content\/uploads\/2025\/04\/logos-fondo-blanco.jpg","@id":"https:\/\/canal4nogoya.com\/web\/mas-de-1-millon-de-personas-se-quedaron-sin-cobertura-medica\/#organizationLogo","width":2353,"height":1080},"image":{"@id":"https:\/\/canal4nogoya.com\/web\/mas-de-1-millon-de-personas-se-quedaron-sin-cobertura-medica\/#organizationLogo"}},{"@type":"Person","@id":"https:\/\/canal4nogoya.com\/web\/author\/gonzalo\/#author","url":"https:\/\/canal4nogoya.com\/web\/author\/gonzalo\/","name":"Redacci\u00f3n","image":{"@type":"ImageObject","@id":"https:\/\/canal4nogoya.com\/web\/mas-de-1-millon-de-personas-se-quedaron-sin-cobertura-medica\/#authorImage","url":"https:\/\/canal4nogoya.com\/web\/wp-content\/litespeed\/avatar\/1df8586f31106921a2f6ae0d9530296b.jpg?ver=1787987515","width":96,"height":96,"caption":"Redacci\u00f3n"}},{"@type":"WebPage","@id":"https:\/\/canal4nogoya.com\/web\/mas-de-1-millon-de-personas-se-quedaron-sin-cobertura-medica\/#webpage","url":"https:\/\/canal4nogoya.com\/web\/mas-de-1-millon-de-personas-se-quedaron-sin-cobertura-medica\/","name":"M\u00e1s de 1 mill\u00f3n de personas se quedaron sin cobertura m\u00e9dica - Canal 4 Nogoy\u00e1","description":"M\u00e1s de 1,2 millones de personas se quedaron sin cobertura m\u00e9dica privada en la Argentina en lo que va de la gesti\u00f3n de Javier Milei, en paralelo a aumentos por encima de la inflaci\u00f3n en las prepagas y a la suba del desempleo. Los datos surgen de un informe del Instituto Argentina Grande (IAG), elaborado en base al","inLanguage":"es-ES","isPartOf":{"@id":"https:\/\/canal4nogoya.com\/web\/#website"},"breadcrumb":{"@id":"https:\/\/canal4nogoya.com\/web\/mas-de-1-millon-de-personas-se-quedaron-sin-cobertura-medica\/#breadcrumblist"},"author":{"@id":"https:\/\/canal4nogoya.com\/web\/author\/gonzalo\/#author"},"creator":{"@id":"https:\/\/canal4nogoya.com\/web\/author\/gonzalo\/#author"},"image":{"@type":"ImageObject","url":"https:\/\/canal4nogoya.com\/web\/wp-content\/uploads\/2026\/09\/1-1-1-1-1-a-SCM.webp","@id":"https:\/\/canal4nogoya.com\/web\/mas-de-1-millon-de-personas-se-quedaron-sin-cobertura-medica\/#mainImage","width":613,"height":407},"primaryImageOfPage":{"@id":"https:\/\/canal4nogoya.com\/web\/mas-de-1-millon-de-personas-se-quedaron-sin-cobertura-medica\/#mainImage"},"datePublished":"2026-09-01T15:08:29-03:00","dateModified":"2026-09-01T15:08:32-03:00"},{"@type":"WebSite","@id":"https:\/\/canal4nogoya.com\/web\/#website","url":"https:\/\/canal4nogoya.com\/web\/","name":"Canal 4 Nogoy\u00e1","description":"Nogoy\u00e1 Televisora Color","inLanguage":"es-ES","publisher":{"@id":"https:\/\/canal4nogoya.com\/web\/#organization"}}]},"og:locale":"es_ES","og:site_name":"Canal 4 Nogoy\u00e1 - Nogoy\u00e1 Televisora Color","og:type":"article","og:title":"M\u00e1s de 1 mill\u00f3n de personas se quedaron sin cobertura m\u00e9dica - Canal 4 Nogoy\u00e1","og:description":"M\u00e1s de 1,2 millones de personas se quedaron sin cobertura m\u00e9dica privada en la Argentina en lo que va de la gesti\u00f3n de Javier Milei, en paralelo a aumentos por encima de la inflaci\u00f3n en las prepagas y a la suba del desempleo. Los datos surgen de un informe del Instituto Argentina Grande (IAG), elaborado en base al","og:url":"https:\/\/canal4nogoya.com\/web\/mas-de-1-millon-de-personas-se-quedaron-sin-cobertura-medica\/","og:image":"https:\/\/canal4nogoya.com\/web\/wp-content\/uploads\/2026\/09\/1-1-1-1-1-a-SCM.webp","og:image:secure_url":"https:\/\/canal4nogoya.com\/web\/wp-content\/uploads\/2026\/09\/1-1-1-1-1-a-SCM.webp","og:image:width":613,"og:image:height":407,"article:published_time":"2026-09-01T18:08:29+00:00","article:modified_time":"2026-09-01T18:08:32+00:00","twitter:card":"summary_large_image","twitter:title":"M\u00e1s de 1 mill\u00f3n de personas se quedaron sin cobertura m\u00e9dica - Canal 4 Nogoy\u00e1","twitter:description":"M\u00e1s de 1,2 millones de personas se quedaron sin cobertura m\u00e9dica privada en la Argentina en lo que va de la gesti\u00f3n de Javier Milei, en paralelo a aumentos por encima de la inflaci\u00f3n en las prepagas y a la suba del desempleo. Los datos surgen de un informe del Instituto Argentina Grande (IAG), elaborado en base al","twitter:image":"https:\/\/canal4nogoya.com\/web\/wp-content\/uploads\/2026\/09\/1-1-1-1-1-a-SCM.webp"},"aioseo_meta_data":{"post_id":"4768","title":null,"description":null,"keywords":null,"keyphrases":{"focus":{"keyphrase":"","score":0,"analysis":{"keyphraseInTitle":{"score":0,"maxScore":9,"error":1}}},"additional":[]},"primary_term":null,"canonical_url":null,"og_title":null,"og_description":null,"og_object_type":"default","og_image_type":"default","og_image_url":null,"og_image_width":null,"og_image_height":null,"og_image_custom_url":null,"og_image_custom_fields":null,"og_video":"","og_custom_url":null,"og_article_section":null,"og_article_tags":null,"twitter_use_og":false,"twitter_card":"default","twitter_image_type":"default","twitter_image_url":null,"twitter_image_custom_url":null,"twitter_image_custom_fields":null,"twitter_title":null,"twitter_description":null,"schema":{"blockGraphs":[],"customGraphs":[],"default":{"data":{"Article":[],"Course":[],"Dataset":[],"FAQPage":[],"Movie":[],"Person":[],"Product":[],"ProductReview":[],"Car":[],"Recipe":[],"Service":[],"SoftwareApplication":[],"WebPage":[]},"graphName":"BlogPosting","isEnabled":true},"graphs":[]},"schema_type":"default","schema_type_options":null,"pillar_content":false,"robots_default":true,"robots_noindex":false,"robots_noarchive":false,"robots_nosnippet":false,"robots_nofollow":false,"robots_noimageindex":false,"robots_noodp":false,"robots_notranslate":false,"robots_max_snippet":"-1","robots_max_videopreview":"-1","robots_max_imagepreview":"large","priority":null,"frequency":"default","local_seo":null,"breadcrumb_settings":null,"limit_modified_date":false,"ai":{"faqs":[],"keyPoints":[],"schemas":[],"titles":[],"descriptions":[],"socialPosts":{"email":{"subject":"","preview":"","content":""},"linkedin":[],"twitter":[],"facebook":[],"instagram":[]}},"created":"2026-09-01 18:08:32","updated":"2026-09-01 23:12:16","seo_analyzer_scan_date":null,"focus_keyword":null,"additional_keywords":null,"truseo_locale":null},"aioseo_breadcrumb":"<div class=\"aioseo-breadcrumbs\"><span class=\"aioseo-breadcrumb\">\n\t\t\t<a href=\"https:\/\/canal4nogoya.com\/web\" title=\"Home\">Home<\/a>\n\t\t<\/span><span class=\"aioseo-breadcrumb-separator\">&raquo;<\/span><span class=\"aioseo-breadcrumb\">\n\t\t\t<a href=\"https:\/\/canal4nogoya.com\/web\/category\/nacionales\/\" title=\"Nacionales\">Nacionales<\/a>\n\t\t<\/span><span class=\"aioseo-breadcrumb-separator\">&raquo;<\/span><span class=\"aioseo-breadcrumb\">\n\t\t\tM\u00e1s de 1 mill\u00f3n de personas se quedaron sin cobertura m\u00e9dica\n\t\t<\/span><\/div>","aioseo_breadcrumb_json":[{"label":"Home","link":"https:\/\/canal4nogoya.com\/web"},{"label":"Nacionales","link":"https:\/\/canal4nogoya.com\/web\/category\/nacionales\/"},{"label":"M\u00e1s de 1 mill\u00f3n de personas se quedaron sin cobertura m\u00e9dica","link":"https:\/\/canal4nogoya.com\/web\/mas-de-1-millon-de-personas-se-quedaron-sin-cobertura-medica\/"}],"jetpack_featured_media_url":"https:\/\/canal4nogoya.com\/web\/wp-content\/uploads\/2026\/09\/1-1-1-1-1-a-SCM.webp","_links":{"self":[{"href":"https:\/\/canal4nogoya.com\/web\/wp-json\/wp\/v2\/posts\/4768","targetHints":{"allow":["GET"]}}],"collection":[{"href":"https:\/\/canal4nogoya.com\/web\/wp-json\/wp\/v2\/posts"}],"about":[{"href":"https:\/\/canal4nogoya.com\/web\/wp-json\/wp\/v2\/types\/post"}],"author":[{"embeddable":true,"href":"https:\/\/canal4nogoya.com\/web\/wp-json\/wp\/v2\/users\/3"}],"replies":[{"embeddable":true,"href":"https:\/\/canal4nogoya.com\/web\/wp-json\/wp\/v2\/comments?post=4768"}],"version-history":[{"count":1,"href":"https:\/\/canal4nogoya.com\/web\/wp-json\/wp\/v2\/posts\/4768\/revisions"}],"predecessor-version":[{"id":4770,"href":"https:\/\/canal4nogoya.com\/web\/wp-json\/wp\/v2\/posts\/4768\/revisions\/4770"}],"wp:featuredmedia":[{"embeddable":true,"href":"https:\/\/canal4nogoya.com\/web\/wp-json\/wp\/v2\/media\/4769"}],"wp:attachment":[{"href":"https:\/\/canal4nogoya.com\/web\/wp-json\/wp\/v2\/media?parent=4768"}],"wp:term":[{"taxonomy":"category","embeddable":true,"href":"https:\/\/canal4nogoya.com\/web\/wp-json\/wp\/v2\/categories?post=4768"},{"taxonomy":"post_tag","embeddable":true,"href":"https:\/\/canal4nogoya.com\/web\/wp-json\/wp\/v2\/tags?post=4768"}],"curies":[{"name":"wp","href":"https:\/\/api.w.org\/{rel}","templated":true}]}}