{"id":4771,"date":"2026-09-01T22:34:43","date_gmt":"2026-09-02T01:34:43","guid":{"rendered":"https:\/\/canal4nogoya.com\/web\/?p=4771"},"modified":"2026-09-01T22:34:44","modified_gmt":"2026-09-02T01:34:44","slug":"el-senado-entrerriano-aprobo-el-nuevo-regimen-de-consorcios-camineros","status":"publish","type":"post","link":"https:\/\/canal4nogoya.com\/web\/el-senado-entrerriano-aprobo-el-nuevo-regimen-de-consorcios-camineros\/","title":{"rendered":"El Senado entrerriano aprob\u00f3 el nuevo r\u00e9gimen de consorcios camineros"},"content":{"rendered":"\n<p class=\"wp-block-paragraph\"><\/p>\n\n\n\n<p class=\"wp-block-paragraph\">El Senado de Entre R\u00edos le dio sanci\u00f3n definitiva al proyecto que crea el nuevo r\u00e9gimen de consorcios camineros, los cuales ser\u00e1n entidades de bien p\u00fablico, de servicios a la comunidad y sin fines de lucro.<\/p>\n\n\n\n<p class=\"wp-block-paragraph\"><\/p>\n\n\n\n<p class=\"wp-block-paragraph\">La Direcci\u00f3n Provincial de Vialidad (DPV) tendr\u00e1 a su cargo la promoci\u00f3n y el fomento a la creaci\u00f3n y organizaci\u00f3n de los Consorcios Camineros, de acuerdo a la iniciativa. El gremio que nuclea a los trabajadores de esta dependencia, sin embargo, se opuso con un paro y movilizaci\u00f3n desarrollado este martes, en lo que entienden que es un avance sobre las facultades de Vialidad.<\/p>\n\n\n\n<p class=\"wp-block-paragraph\"><\/p>\n\n\n\n<p class=\"wp-block-paragraph\">El objetivo es que se puedan crear este tipo de entidades de participaci\u00f3n p\u00fablico-privada, con posibilidad de intervenir en los caminos terciarios, comunales y vecinales de la provincia.<\/p>\n\n\n\n<p class=\"wp-block-paragraph\"><\/p>\n\n\n\n<p class=\"wp-block-paragraph\">El peronismo acompa\u00f1\u00f3 la ley en general, que va \u201ca redundar en beneficio de los productores y las familias de zonas rurales\u201d, seg\u00fan explic\u00f3 el senador de Tala Juan Conti (M\u00e1s para Entre R\u00edos) al momento de fundamentar la posici\u00f3n de la bancada. El legislador precis\u00f3 que el bloque peronista, sin embargo, iba a votar en contra de algunos cap\u00edtulos, cuestionando el tratamiento que se le daba a los trabajadores de Vialidad en la normativa. El victoriense V\u00edctor Sanzberro hizo otras objeciones, criticando que no se hayan tomado las reformas propuestas en comisi\u00f3n.<\/p>\n\n\n\n<p class=\"wp-block-paragraph\"><\/p>\n\n\n\n<p class=\"wp-block-paragraph\">El texto es una unificaci\u00f3n de los proyectos presentados anteriormente por los exlegisladores Esteban Vitor (Juntos por Entre R\u00edos) y N\u00e9stor Loggio (PJ) y el de la actual diputada libertaria Julia Calleros (Partido Fe).<\/p>\n\n\n\n<p class=\"wp-block-paragraph\"><\/p>\n\n\n\n<p class=\"wp-block-paragraph\">A este expediente unificado se sum\u00f3 en el Senado uno similar del senador Rafael Cavagna (Juntos por Entre R\u00edos), quien present\u00f3 el a\u00f1o pasado un proyecto de ley similar. Finalmente, la decisi\u00f3n del oficialismo fue hacer avanzar el proyecto sin cambios, por lo que los aportes de esta iniciativa particular quedaron afuera, ya que si se hubiesen introducido cambios, el proyecto deb\u00eda volver a Diputados.<\/p>\n\n\n\n<p class=\"wp-block-paragraph\"><\/p>\n\n\n\n<p class=\"wp-block-paragraph\">El diputado Jaime Benedetti (Juntos por Entre R\u00edos) remarc\u00f3 que el proyecto lleg\u00f3 con media sanci\u00f3n por unanimidad, y explic\u00f3 que despu\u00e9s de \u201ctrabajar mucho en la comisi\u00f3n\u201d con invitados, se opt\u00f3 por avanzar con el texto tal como lleg\u00f3 de la C\u00e1mara baja.<\/p>\n\n\n\n<p class=\"wp-block-paragraph\"><\/p>\n\n\n\n<p class=\"wp-block-paragraph\">\u201cCon el proyecto de Cavagna se podr\u00eda haber mejorado, pero a veces lo perfecto es enemigo de lo mejor. Tenemos un proyecto con media sanci\u00f3n que milagrosamente hab\u00eda sido aprobado por unanimidad, as\u00ed que despu\u00e9s de estudiarlo mucho, con la aquiescencia del senador, decidimos darle despacho de mayor\u00eda al proyecto tal como vino de Diputados\u201d, expres\u00f3.<\/p>\n\n\n\n<p class=\"wp-block-paragraph\"><\/p>\n\n\n\n<p class=\"wp-block-paragraph\">\u201cEn la actualidad hay dificultades para constituir los consorcios, son 13 pasos burocr\u00e1ticos. Esta ley pretende flexibilizar los requisitos de ingreso\u201c, precis\u00f3 Benedetti.<\/p>\n\n\n\n<p class=\"wp-block-paragraph\"><\/p>\n\n\n\n<p class=\"wp-block-paragraph\">Fuente: El Entre R\u00edos<\/p>\n","protected":false},"excerpt":{"rendered":"<p>El Senado de Entre R\u00edos le dio sanci\u00f3n definitiva al proyecto que crea el nuevo r\u00e9gimen de consorcios camineros, los cuales ser\u00e1n entidades de bien p\u00fablico, de servicios a la comunidad y sin fines de lucro. La Direcci\u00f3n Provincial de Vialidad (DPV) tendr\u00e1 a su cargo la promoci\u00f3n y el fomento a la creaci\u00f3n y&#8230;<\/p>\n","protected":false},"author":3,"featured_media":4772,"comment_status":"open","ping_status":"closed","sticky":false,"template":"","format":"standard","meta":{"_monsterinsights_skip_tracking":false,"footnotes":""},"categories":[10],"tags":[],"class_list":["post-4771","post","type-post","status-publish","format-standard","has-post-thumbnail","hentry","category-provinciales"],"aioseo_notices":[],"aioseo_head":"\n\t\t<!-- All in One SEO 5.0.1.1 - aioseo.com -->\n\t<meta name=\"description\" content=\"El Senado de Entre R\u00edos le dio sanci\u00f3n definitiva al proyecto que crea el nuevo r\u00e9gimen de consorcios camineros, los cuales ser\u00e1n entidades de bien p\u00fablico, de servicios a la comunidad y sin fines de lucro. La Direcci\u00f3n Provincial de Vialidad (DPV) tendr\u00e1 a su cargo la promoci\u00f3n y el fomento a la creaci\u00f3n y\" \/>\n\t<meta name=\"robots\" content=\"max-image-preview:large\" \/>\n\t<meta name=\"author\" content=\"Redacci\u00f3n\"\/>\n\t<link rel=\"canonical\" href=\"https:\/\/canal4nogoya.com\/web\/el-senado-entrerriano-aprobo-el-nuevo-regimen-de-consorcios-camineros\/\" \/>\n\t<meta name=\"generator\" content=\"All in One SEO (AIOSEO) 5.0.1.1\" \/>\n\t\t<meta property=\"og:locale\" content=\"es_ES\" \/>\n\t\t<meta property=\"og:site_name\" content=\"Canal 4 Nogoy\u00e1 - Nogoy\u00e1 Televisora Color\" \/>\n\t\t<meta property=\"og:type\" content=\"article\" \/>\n\t\t<meta property=\"og:title\" content=\"El Senado entrerriano aprob\u00f3 el nuevo r\u00e9gimen de consorcios camineros - Canal 4 Nogoy\u00e1\" \/>\n\t\t<meta property=\"og:description\" content=\"El Senado de Entre R\u00edos le dio sanci\u00f3n definitiva al proyecto que crea el nuevo r\u00e9gimen de consorcios camineros, los cuales ser\u00e1n entidades de bien p\u00fablico, de servicios a la comunidad y sin fines de lucro. La Direcci\u00f3n Provincial de Vialidad (DPV) tendr\u00e1 a su cargo la promoci\u00f3n y el fomento a la creaci\u00f3n y\" \/>\n\t\t<meta property=\"og:url\" content=\"https:\/\/canal4nogoya.com\/web\/el-senado-entrerriano-aprobo-el-nuevo-regimen-de-consorcios-camineros\/\" \/>\n\t\t<meta property=\"og:image\" content=\"https:\/\/canal4nogoya.com\/web\/wp-content\/uploads\/2026\/09\/1-1-1-1-1-1-a-CCER.png\" \/>\n\t\t<meta property=\"og:image:secure_url\" content=\"https:\/\/canal4nogoya.com\/web\/wp-content\/uploads\/2026\/09\/1-1-1-1-1-1-a-CCER.png\" \/>\n\t\t<meta property=\"og:image:width\" content=\"700\" \/>\n\t\t<meta property=\"og:image:height\" content=\"381\" \/>\n\t\t<meta property=\"article:published_time\" content=\"2026-09-02T01:34:43+00:00\" \/>\n\t\t<meta property=\"article:modified_time\" content=\"2026-09-02T01:34:44+00:00\" \/>\n\t\t<meta name=\"twitter:card\" content=\"summary_large_image\" \/>\n\t\t<meta name=\"twitter:title\" content=\"El Senado entrerriano aprob\u00f3 el nuevo r\u00e9gimen de consorcios camineros - Canal 4 Nogoy\u00e1\" \/>\n\t\t<meta name=\"twitter:description\" content=\"El Senado de Entre R\u00edos le dio sanci\u00f3n definitiva al proyecto que crea el nuevo r\u00e9gimen de consorcios camineros, los cuales ser\u00e1n entidades de bien p\u00fablico, de servicios a la comunidad y sin fines de lucro. La Direcci\u00f3n Provincial de Vialidad (DPV) tendr\u00e1 a su cargo la promoci\u00f3n y el fomento a la creaci\u00f3n y\" \/>\n\t\t<meta name=\"twitter:image\" content=\"https:\/\/canal4nogoya.com\/web\/wp-content\/uploads\/2026\/09\/1-1-1-1-1-1-a-CCER.png\" \/>\n\t\t<script type=\"application\/ld+json\" class=\"aioseo-schema\">\n\t\t\t{\"@context\":\"https:\\\/\\\/schema.org\",\"@graph\":[{\"@type\":\"BlogPosting\",\"@id\":\"https:\\\/\\\/canal4nogoya.com\\\/web\\\/el-senado-entrerriano-aprobo-el-nuevo-regimen-de-consorcios-camineros\\\/#blogposting\",\"name\":\"El Senado entrerriano aprob\\u00f3 el nuevo r\\u00e9gimen de consorcios camineros - Canal 4 Nogoy\\u00e1\",\"headline\":\"El Senado entrerriano aprob\\u00f3 el nuevo r\\u00e9gimen de consorcios camineros\",\"author\":{\"@id\":\"https:\\\/\\\/canal4nogoya.com\\\/web\\\/author\\\/gonzalo\\\/#author\"},\"publisher\":{\"@id\":\"https:\\\/\\\/canal4nogoya.com\\\/web\\\/#organization\"},\"image\":{\"@type\":\"ImageObject\",\"url\":\"https:\\\/\\\/canal4nogoya.com\\\/web\\\/wp-content\\\/uploads\\\/2026\\\/09\\\/1-1-1-1-1-1-a-CCER.png\",\"width\":700,\"height\":381},\"datePublished\":\"2026-09-01T22:34:43-03:00\",\"dateModified\":\"2026-09-01T22:34:44-03:00\",\"inLanguage\":\"es-ES\",\"mainEntityOfPage\":{\"@id\":\"https:\\\/\\\/canal4nogoya.com\\\/web\\\/el-senado-entrerriano-aprobo-el-nuevo-regimen-de-consorcios-camineros\\\/#webpage\"},\"isPartOf\":{\"@id\":\"https:\\\/\\\/canal4nogoya.com\\\/web\\\/el-senado-entrerriano-aprobo-el-nuevo-regimen-de-consorcios-camineros\\\/#webpage\"},\"articleSection\":\"Provinciales\"},{\"@type\":\"BreadcrumbList\",\"@id\":\"https:\\\/\\\/canal4nogoya.com\\\/web\\\/el-senado-entrerriano-aprobo-el-nuevo-regimen-de-consorcios-camineros\\\/#breadcrumblist\",\"itemListElement\":[{\"@type\":\"ListItem\",\"@id\":\"https:\\\/\\\/canal4nogoya.com\\\/web#listItem\",\"position\":1,\"name\":\"Home\",\"item\":\"https:\\\/\\\/canal4nogoya.com\\\/web\",\"nextItem\":{\"@type\":\"ListItem\",\"@id\":\"https:\\\/\\\/canal4nogoya.com\\\/web\\\/category\\\/provinciales\\\/#listItem\",\"name\":\"Provinciales\"}},{\"@type\":\"ListItem\",\"@id\":\"https:\\\/\\\/canal4nogoya.com\\\/web\\\/category\\\/provinciales\\\/#listItem\",\"position\":2,\"name\":\"Provinciales\",\"item\":\"https:\\\/\\\/canal4nogoya.com\\\/web\\\/category\\\/provinciales\\\/\",\"nextItem\":{\"@type\":\"ListItem\",\"@id\":\"https:\\\/\\\/canal4nogoya.com\\\/web\\\/el-senado-entrerriano-aprobo-el-nuevo-regimen-de-consorcios-camineros\\\/#listItem\",\"name\":\"El Senado entrerriano aprob\\u00f3 el nuevo r\\u00e9gimen de consorcios camineros\"},\"previousItem\":{\"@type\":\"ListItem\",\"@id\":\"https:\\\/\\\/canal4nogoya.com\\\/web#listItem\",\"name\":\"Home\"}},{\"@type\":\"ListItem\",\"@id\":\"https:\\\/\\\/canal4nogoya.com\\\/web\\\/el-senado-entrerriano-aprobo-el-nuevo-regimen-de-consorcios-camineros\\\/#listItem\",\"position\":3,\"name\":\"El Senado entrerriano aprob\\u00f3 el nuevo r\\u00e9gimen de consorcios camineros\",\"previousItem\":{\"@type\":\"ListItem\",\"@id\":\"https:\\\/\\\/canal4nogoya.com\\\/web\\\/category\\\/provinciales\\\/#listItem\",\"name\":\"Provinciales\"}}]},{\"@type\":\"Organization\",\"@id\":\"https:\\\/\\\/canal4nogoya.com\\\/web\\\/#organization\",\"name\":\"Canal 4 Nogoy\\u00e1\",\"description\":\"Nogoy\\u00e1 Televisora Color\",\"url\":\"https:\\\/\\\/canal4nogoya.com\\\/web\\\/\",\"logo\":{\"@type\":\"ImageObject\",\"url\":\"https:\\\/\\\/canal4nogoya.com\\\/web\\\/wp-content\\\/uploads\\\/2025\\\/04\\\/logos-fondo-blanco.jpg\",\"@id\":\"https:\\\/\\\/canal4nogoya.com\\\/web\\\/el-senado-entrerriano-aprobo-el-nuevo-regimen-de-consorcios-camineros\\\/#organizationLogo\",\"width\":2353,\"height\":1080},\"image\":{\"@id\":\"https:\\\/\\\/canal4nogoya.com\\\/web\\\/el-senado-entrerriano-aprobo-el-nuevo-regimen-de-consorcios-camineros\\\/#organizationLogo\"}},{\"@type\":\"Person\",\"@id\":\"https:\\\/\\\/canal4nogoya.com\\\/web\\\/author\\\/gonzalo\\\/#author\",\"url\":\"https:\\\/\\\/canal4nogoya.com\\\/web\\\/author\\\/gonzalo\\\/\",\"name\":\"Redacci\\u00f3n\",\"image\":{\"@type\":\"ImageObject\",\"@id\":\"https:\\\/\\\/canal4nogoya.com\\\/web\\\/el-senado-entrerriano-aprobo-el-nuevo-regimen-de-consorcios-camineros\\\/#authorImage\",\"url\":\"https:\\\/\\\/canal4nogoya.com\\\/web\\\/wp-content\\\/litespeed\\\/avatar\\\/1df8586f31106921a2f6ae0d9530296b.jpg?ver=1787987515\",\"width\":96,\"height\":96,\"caption\":\"Redacci\\u00f3n\"}},{\"@type\":\"WebPage\",\"@id\":\"https:\\\/\\\/canal4nogoya.com\\\/web\\\/el-senado-entrerriano-aprobo-el-nuevo-regimen-de-consorcios-camineros\\\/#webpage\",\"url\":\"https:\\\/\\\/canal4nogoya.com\\\/web\\\/el-senado-entrerriano-aprobo-el-nuevo-regimen-de-consorcios-camineros\\\/\",\"name\":\"El Senado entrerriano aprob\\u00f3 el nuevo r\\u00e9gimen de consorcios camineros - Canal 4 Nogoy\\u00e1\",\"description\":\"El Senado de Entre R\\u00edos le dio sanci\\u00f3n definitiva al proyecto que crea el nuevo r\\u00e9gimen de consorcios camineros, los cuales ser\\u00e1n entidades de bien p\\u00fablico, de servicios a la comunidad y sin fines de lucro. La Direcci\\u00f3n Provincial de Vialidad (DPV) tendr\\u00e1 a su cargo la promoci\\u00f3n y el fomento a la creaci\\u00f3n y\",\"inLanguage\":\"es-ES\",\"isPartOf\":{\"@id\":\"https:\\\/\\\/canal4nogoya.com\\\/web\\\/#website\"},\"breadcrumb\":{\"@id\":\"https:\\\/\\\/canal4nogoya.com\\\/web\\\/el-senado-entrerriano-aprobo-el-nuevo-regimen-de-consorcios-camineros\\\/#breadcrumblist\"},\"author\":{\"@id\":\"https:\\\/\\\/canal4nogoya.com\\\/web\\\/author\\\/gonzalo\\\/#author\"},\"creator\":{\"@id\":\"https:\\\/\\\/canal4nogoya.com\\\/web\\\/author\\\/gonzalo\\\/#author\"},\"image\":{\"@type\":\"ImageObject\",\"url\":\"https:\\\/\\\/canal4nogoya.com\\\/web\\\/wp-content\\\/uploads\\\/2026\\\/09\\\/1-1-1-1-1-1-a-CCER.png\",\"@id\":\"https:\\\/\\\/canal4nogoya.com\\\/web\\\/el-senado-entrerriano-aprobo-el-nuevo-regimen-de-consorcios-camineros\\\/#mainImage\",\"width\":700,\"height\":381},\"primaryImageOfPage\":{\"@id\":\"https:\\\/\\\/canal4nogoya.com\\\/web\\\/el-senado-entrerriano-aprobo-el-nuevo-regimen-de-consorcios-camineros\\\/#mainImage\"},\"datePublished\":\"2026-09-01T22:34:43-03:00\",\"dateModified\":\"2026-09-01T22:34:44-03:00\"},{\"@type\":\"WebSite\",\"@id\":\"https:\\\/\\\/canal4nogoya.com\\\/web\\\/#website\",\"url\":\"https:\\\/\\\/canal4nogoya.com\\\/web\\\/\",\"name\":\"Canal 4 Nogoy\\u00e1\",\"description\":\"Nogoy\\u00e1 Televisora Color\",\"inLanguage\":\"es-ES\",\"publisher\":{\"@id\":\"https:\\\/\\\/canal4nogoya.com\\\/web\\\/#organization\"}}]}\n\t\t<\/script>\n\t\t<!-- All in One SEO -->\n\n","aioseo_head_json":{"title":"El Senado entrerriano aprob\u00f3 el nuevo r\u00e9gimen de consorcios camineros - Canal 4 Nogoy\u00e1","description":"El Senado de Entre R\u00edos le dio sanci\u00f3n definitiva al proyecto que crea el nuevo r\u00e9gimen de consorcios camineros, los cuales ser\u00e1n entidades de bien p\u00fablico, de servicios a la comunidad y sin fines de lucro. La Direcci\u00f3n Provincial de Vialidad (DPV) tendr\u00e1 a su cargo la promoci\u00f3n y el fomento a la creaci\u00f3n y","canonical_url":"https:\/\/canal4nogoya.com\/web\/el-senado-entrerriano-aprobo-el-nuevo-regimen-de-consorcios-camineros\/","robots":"max-image-preview:large","keywords":"","webmasterTools":{"miscellaneous":""},"schema":{"@context":"https:\/\/schema.org","@graph":[{"@type":"BlogPosting","@id":"https:\/\/canal4nogoya.com\/web\/el-senado-entrerriano-aprobo-el-nuevo-regimen-de-consorcios-camineros\/#blogposting","name":"El Senado entrerriano aprob\u00f3 el nuevo r\u00e9gimen de consorcios camineros - Canal 4 Nogoy\u00e1","headline":"El Senado entrerriano aprob\u00f3 el nuevo r\u00e9gimen de consorcios camineros","author":{"@id":"https:\/\/canal4nogoya.com\/web\/author\/gonzalo\/#author"},"publisher":{"@id":"https:\/\/canal4nogoya.com\/web\/#organization"},"image":{"@type":"ImageObject","url":"https:\/\/canal4nogoya.com\/web\/wp-content\/uploads\/2026\/09\/1-1-1-1-1-1-a-CCER.png","width":700,"height":381},"datePublished":"2026-09-01T22:34:43-03:00","dateModified":"2026-09-01T22:34:44-03:00","inLanguage":"es-ES","mainEntityOfPage":{"@id":"https:\/\/canal4nogoya.com\/web\/el-senado-entrerriano-aprobo-el-nuevo-regimen-de-consorcios-camineros\/#webpage"},"isPartOf":{"@id":"https:\/\/canal4nogoya.com\/web\/el-senado-entrerriano-aprobo-el-nuevo-regimen-de-consorcios-camineros\/#webpage"},"articleSection":"Provinciales"},{"@type":"BreadcrumbList","@id":"https:\/\/canal4nogoya.com\/web\/el-senado-entrerriano-aprobo-el-nuevo-regimen-de-consorcios-camineros\/#breadcrumblist","itemListElement":[{"@type":"ListItem","@id":"https:\/\/canal4nogoya.com\/web#listItem","position":1,"name":"Home","item":"https:\/\/canal4nogoya.com\/web","nextItem":{"@type":"ListItem","@id":"https:\/\/canal4nogoya.com\/web\/category\/provinciales\/#listItem","name":"Provinciales"}},{"@type":"ListItem","@id":"https:\/\/canal4nogoya.com\/web\/category\/provinciales\/#listItem","position":2,"name":"Provinciales","item":"https:\/\/canal4nogoya.com\/web\/category\/provinciales\/","nextItem":{"@type":"ListItem","@id":"https:\/\/canal4nogoya.com\/web\/el-senado-entrerriano-aprobo-el-nuevo-regimen-de-consorcios-camineros\/#listItem","name":"El Senado entrerriano aprob\u00f3 el nuevo r\u00e9gimen de consorcios camineros"},"previousItem":{"@type":"ListItem","@id":"https:\/\/canal4nogoya.com\/web#listItem","name":"Home"}},{"@type":"ListItem","@id":"https:\/\/canal4nogoya.com\/web\/el-senado-entrerriano-aprobo-el-nuevo-regimen-de-consorcios-camineros\/#listItem","position":3,"name":"El Senado entrerriano aprob\u00f3 el nuevo r\u00e9gimen de consorcios camineros","previousItem":{"@type":"ListItem","@id":"https:\/\/canal4nogoya.com\/web\/category\/provinciales\/#listItem","name":"Provinciales"}}]},{"@type":"Organization","@id":"https:\/\/canal4nogoya.com\/web\/#organization","name":"Canal 4 Nogoy\u00e1","description":"Nogoy\u00e1 Televisora Color","url":"https:\/\/canal4nogoya.com\/web\/","logo":{"@type":"ImageObject","url":"https:\/\/canal4nogoya.com\/web\/wp-content\/uploads\/2025\/04\/logos-fondo-blanco.jpg","@id":"https:\/\/canal4nogoya.com\/web\/el-senado-entrerriano-aprobo-el-nuevo-regimen-de-consorcios-camineros\/#organizationLogo","width":2353,"height":1080},"image":{"@id":"https:\/\/canal4nogoya.com\/web\/el-senado-entrerriano-aprobo-el-nuevo-regimen-de-consorcios-camineros\/#organizationLogo"}},{"@type":"Person","@id":"https:\/\/canal4nogoya.com\/web\/author\/gonzalo\/#author","url":"https:\/\/canal4nogoya.com\/web\/author\/gonzalo\/","name":"Redacci\u00f3n","image":{"@type":"ImageObject","@id":"https:\/\/canal4nogoya.com\/web\/el-senado-entrerriano-aprobo-el-nuevo-regimen-de-consorcios-camineros\/#authorImage","url":"https:\/\/canal4nogoya.com\/web\/wp-content\/litespeed\/avatar\/1df8586f31106921a2f6ae0d9530296b.jpg?ver=1787987515","width":96,"height":96,"caption":"Redacci\u00f3n"}},{"@type":"WebPage","@id":"https:\/\/canal4nogoya.com\/web\/el-senado-entrerriano-aprobo-el-nuevo-regimen-de-consorcios-camineros\/#webpage","url":"https:\/\/canal4nogoya.com\/web\/el-senado-entrerriano-aprobo-el-nuevo-regimen-de-consorcios-camineros\/","name":"El Senado entrerriano aprob\u00f3 el nuevo r\u00e9gimen de consorcios camineros - Canal 4 Nogoy\u00e1","description":"El Senado de Entre R\u00edos le dio sanci\u00f3n definitiva al proyecto que crea el nuevo r\u00e9gimen de consorcios camineros, los cuales ser\u00e1n entidades de bien p\u00fablico, de servicios a la comunidad y sin fines de lucro. La Direcci\u00f3n Provincial de Vialidad (DPV) tendr\u00e1 a su cargo la promoci\u00f3n y el fomento a la creaci\u00f3n y","inLanguage":"es-ES","isPartOf":{"@id":"https:\/\/canal4nogoya.com\/web\/#website"},"breadcrumb":{"@id":"https:\/\/canal4nogoya.com\/web\/el-senado-entrerriano-aprobo-el-nuevo-regimen-de-consorcios-camineros\/#breadcrumblist"},"author":{"@id":"https:\/\/canal4nogoya.com\/web\/author\/gonzalo\/#author"},"creator":{"@id":"https:\/\/canal4nogoya.com\/web\/author\/gonzalo\/#author"},"image":{"@type":"ImageObject","url":"https:\/\/canal4nogoya.com\/web\/wp-content\/uploads\/2026\/09\/1-1-1-1-1-1-a-CCER.png","@id":"https:\/\/canal4nogoya.com\/web\/el-senado-entrerriano-aprobo-el-nuevo-regimen-de-consorcios-camineros\/#mainImage","width":700,"height":381},"primaryImageOfPage":{"@id":"https:\/\/canal4nogoya.com\/web\/el-senado-entrerriano-aprobo-el-nuevo-regimen-de-consorcios-camineros\/#mainImage"},"datePublished":"2026-09-01T22:34:43-03:00","dateModified":"2026-09-01T22:34:44-03:00"},{"@type":"WebSite","@id":"https:\/\/canal4nogoya.com\/web\/#website","url":"https:\/\/canal4nogoya.com\/web\/","name":"Canal 4 Nogoy\u00e1","description":"Nogoy\u00e1 Televisora Color","inLanguage":"es-ES","publisher":{"@id":"https:\/\/canal4nogoya.com\/web\/#organization"}}]},"og:locale":"es_ES","og:site_name":"Canal 4 Nogoy\u00e1 - Nogoy\u00e1 Televisora Color","og:type":"article","og:title":"El Senado entrerriano aprob\u00f3 el nuevo r\u00e9gimen de consorcios camineros - Canal 4 Nogoy\u00e1","og:description":"El Senado de Entre R\u00edos le dio sanci\u00f3n definitiva al proyecto que crea el nuevo r\u00e9gimen de consorcios camineros, los cuales ser\u00e1n entidades de bien p\u00fablico, de servicios a la comunidad y sin fines de lucro. La Direcci\u00f3n Provincial de Vialidad (DPV) tendr\u00e1 a su cargo la promoci\u00f3n y el fomento a la creaci\u00f3n y","og:url":"https:\/\/canal4nogoya.com\/web\/el-senado-entrerriano-aprobo-el-nuevo-regimen-de-consorcios-camineros\/","og:image":"https:\/\/canal4nogoya.com\/web\/wp-content\/uploads\/2026\/09\/1-1-1-1-1-1-a-CCER.png","og:image:secure_url":"https:\/\/canal4nogoya.com\/web\/wp-content\/uploads\/2026\/09\/1-1-1-1-1-1-a-CCER.png","og:image:width":700,"og:image:height":381,"article:published_time":"2026-09-02T01:34:43+00:00","article:modified_time":"2026-09-02T01:34:44+00:00","twitter:card":"summary_large_image","twitter:title":"El Senado entrerriano aprob\u00f3 el nuevo r\u00e9gimen de consorcios camineros - Canal 4 Nogoy\u00e1","twitter:description":"El Senado de Entre R\u00edos le dio sanci\u00f3n definitiva al proyecto que crea el nuevo r\u00e9gimen de consorcios camineros, los cuales ser\u00e1n entidades de bien p\u00fablico, de servicios a la comunidad y sin fines de lucro. La Direcci\u00f3n Provincial de Vialidad (DPV) tendr\u00e1 a su cargo la promoci\u00f3n y el fomento a la creaci\u00f3n y","twitter:image":"https:\/\/canal4nogoya.com\/web\/wp-content\/uploads\/2026\/09\/1-1-1-1-1-1-a-CCER.png"},"aioseo_meta_data":{"post_id":"4771","title":null,"description":null,"keywords":null,"keyphrases":{"focus":{"keyphrase":"","score":0,"analysis":{"keyphraseInTitle":{"score":0,"maxScore":9,"error":1}}},"additional":[]},"primary_term":null,"canonical_url":null,"og_title":null,"og_description":null,"og_object_type":"default","og_image_type":"default","og_image_url":null,"og_image_width":null,"og_image_height":null,"og_image_custom_url":null,"og_image_custom_fields":null,"og_video":"","og_custom_url":null,"og_article_section":null,"og_article_tags":null,"twitter_use_og":false,"twitter_card":"default","twitter_image_type":"default","twitter_image_url":null,"twitter_image_custom_url":null,"twitter_image_custom_fields":null,"twitter_title":null,"twitter_description":null,"schema":{"blockGraphs":[],"customGraphs":[],"default":{"data":{"Article":[],"Course":[],"Dataset":[],"FAQPage":[],"Movie":[],"Person":[],"Product":[],"ProductReview":[],"Car":[],"Recipe":[],"Service":[],"SoftwareApplication":[],"WebPage":[]},"graphName":"BlogPosting","isEnabled":true},"graphs":[]},"schema_type":"default","schema_type_options":null,"pillar_content":false,"robots_default":true,"robots_noindex":false,"robots_noarchive":false,"robots_nosnippet":false,"robots_nofollow":false,"robots_noimageindex":false,"robots_noodp":false,"robots_notranslate":false,"robots_max_snippet":"-1","robots_max_videopreview":"-1","robots_max_imagepreview":"large","priority":null,"frequency":"default","local_seo":null,"breadcrumb_settings":null,"limit_modified_date":false,"ai":{"faqs":[],"keyPoints":[],"schemas":[],"titles":[],"descriptions":[],"socialPosts":{"email":{"subject":"","preview":"","content":""},"linkedin":[],"twitter":[],"facebook":[],"instagram":[]}},"created":"2026-09-02 01:34:44","updated":"2026-09-02 04:12:16","seo_analyzer_scan_date":null,"focus_keyword":null,"additional_keywords":null,"truseo_locale":null},"aioseo_breadcrumb":"<div class=\"aioseo-breadcrumbs\"><span class=\"aioseo-breadcrumb\">\n\t\t\t<a href=\"https:\/\/canal4nogoya.com\/web\" title=\"Home\">Home<\/a>\n\t\t<\/span><span class=\"aioseo-breadcrumb-separator\">&raquo;<\/span><span class=\"aioseo-breadcrumb\">\n\t\t\t<a href=\"https:\/\/canal4nogoya.com\/web\/category\/provinciales\/\" title=\"Provinciales\">Provinciales<\/a>\n\t\t<\/span><span class=\"aioseo-breadcrumb-separator\">&raquo;<\/span><span class=\"aioseo-breadcrumb\">\n\t\t\tEl Senado entrerriano aprob\u00f3 el nuevo r\u00e9gimen de consorcios camineros\n\t\t<\/span><\/div>","aioseo_breadcrumb_json":[{"label":"Home","link":"https:\/\/canal4nogoya.com\/web"},{"label":"Provinciales","link":"https:\/\/canal4nogoya.com\/web\/category\/provinciales\/"},{"label":"El Senado entrerriano aprob\u00f3 el nuevo r\u00e9gimen de consorcios camineros","link":"https:\/\/canal4nogoya.com\/web\/el-senado-entrerriano-aprobo-el-nuevo-regimen-de-consorcios-camineros\/"}],"jetpack_featured_media_url":"https:\/\/canal4nogoya.com\/web\/wp-content\/uploads\/2026\/09\/1-1-1-1-1-1-a-CCER.png","_links":{"self":[{"href":"https:\/\/canal4nogoya.com\/web\/wp-json\/wp\/v2\/posts\/4771","targetHints":{"allow":["GET"]}}],"collection":[{"href":"https:\/\/canal4nogoya.com\/web\/wp-json\/wp\/v2\/posts"}],"about":[{"href":"https:\/\/canal4nogoya.com\/web\/wp-json\/wp\/v2\/types\/post"}],"author":[{"embeddable":true,"href":"https:\/\/canal4nogoya.com\/web\/wp-json\/wp\/v2\/users\/3"}],"replies":[{"embeddable":true,"href":"https:\/\/canal4nogoya.com\/web\/wp-json\/wp\/v2\/comments?post=4771"}],"version-history":[{"count":1,"href":"https:\/\/canal4nogoya.com\/web\/wp-json\/wp\/v2\/posts\/4771\/revisions"}],"predecessor-version":[{"id":4773,"href":"https:\/\/canal4nogoya.com\/web\/wp-json\/wp\/v2\/posts\/4771\/revisions\/4773"}],"wp:featuredmedia":[{"embeddable":true,"href":"https:\/\/canal4nogoya.com\/web\/wp-json\/wp\/v2\/media\/4772"}],"wp:attachment":[{"href":"https:\/\/canal4nogoya.com\/web\/wp-json\/wp\/v2\/media?parent=4771"}],"wp:term":[{"taxonomy":"category","embeddable":true,"href":"https:\/\/canal4nogoya.com\/web\/wp-json\/wp\/v2\/categories?post=4771"},{"taxonomy":"post_tag","embeddable":true,"href":"https:\/\/canal4nogoya.com\/web\/wp-json\/wp\/v2\/tags?post=4771"}],"curies":[{"name":"wp","href":"https:\/\/api.w.org\/{rel}","templated":true}]}}