{"id":4774,"date":"2026-09-01T22:40:15","date_gmt":"2026-09-02T01:40:15","guid":{"rendered":"https:\/\/canal4nogoya.com\/web\/?p=4774"},"modified":"2026-09-01T22:40:17","modified_gmt":"2026-09-02T01:40:17","slug":"paros-durante-48-horas-en-mas-de-27-aeropuertos-de-todo-el-pais","status":"publish","type":"post","link":"https:\/\/canal4nogoya.com\/web\/paros-durante-48-horas-en-mas-de-27-aeropuertos-de-todo-el-pais\/","title":{"rendered":"Paros durante 48 horas en m\u00e1s de 27 aeropuertos de todo el pa\u00eds"},"content":{"rendered":"\n<p class=\"wp-block-paragraph\"><\/p>\n\n\n\n<p class=\"wp-block-paragraph\"><\/p>\n\n\n\n<p class=\"wp-block-paragraph\">La\u00a0<strong>Asociaci\u00f3n de Trabajadores del Estado<\/strong>\u00a0(<strong>ATE<\/strong>) convoc\u00f3 a\u00a0<strong>una jornada nacional de lucha de 48 horas<\/strong>\u00a0para el jueves 3 y el viernes 4 de septiembre en m\u00e1s de 27 aeropuertos de todo el pa\u00eds. La medida, que involucra a los empleados de la\u00a0<strong>Administraci\u00f3n Nacional de Aviaci\u00f3n Civil<\/strong>\u00a0(ANAC), incluye paros, movilizaciones y asambleas en dos franjas horarias diarias: de 9 a 12 y de 18 a 21. Durante esos per\u00edodos, \u00fanicamente quedar\u00e1n garantizados los vuelos sanitarios, humanitarios, de traslado de \u00f3rganos y oficiales.<\/p>\n\n\n\n<p class=\"wp-block-paragraph\"><\/p>\n\n\n\n<p class=\"wp-block-paragraph\">El alcance de la protesta abarca los principales nodos del sistema a\u00e9reo nacional, entre ellos el\u00a0<strong>Aeropuerto Internacional de Ezeiza<\/strong>\u00a0y el\u00a0<strong>Aeroparque Jorge Newbery<\/strong>, aunque la medida fue planteada con car\u00e1cter federal. Fuera de las franjas establecidas, las operaciones continuar\u00e1n con normalidad, pero los pasajeros con vuelos previstos en esos lapsos podr\u00edan enfrentar demoras, reprogramaciones o cancelaciones en los servicios comerciales.<\/p>\n\n\n\n<p class=\"wp-block-paragraph\"><\/p>\n\n\n\n<p class=\"wp-block-paragraph\">El conflicto tiene como trasfondo una acumulaci\u00f3n de incumplimientos que el sindicato atribuye al gobierno nacional. Seg\u00fan ATE,\u00a0<strong>desde enero las autoridades no han abonado adicionales salariales acordados en paritarias<\/strong>, y la negociaci\u00f3n sectorial sigue sin reabrirse. A eso se suma, seg\u00fan el gremio, un deterioro sostenido de las condiciones laborales y el desfinanciamiento de \u00e1reas operativas y de fiscalizaci\u00f3n en los aeropuertos del pa\u00eds.<\/p>\n\n\n\n<p class=\"wp-block-paragraph\"><\/p>\n\n\n\n<p class=\"wp-block-paragraph\"><\/p>\n\n\n\n<p class=\"wp-block-paragraph\">Fuente: Infobae<\/p>\n","protected":false},"excerpt":{"rendered":"<p>La\u00a0Asociaci\u00f3n de Trabajadores del Estado\u00a0(ATE) convoc\u00f3 a\u00a0una jornada nacional de lucha de 48 horas\u00a0para el jueves 3 y el viernes 4 de septiembre en m\u00e1s de 27 aeropuertos de todo el pa\u00eds. La medida, que involucra a los empleados de la\u00a0Administraci\u00f3n Nacional de Aviaci\u00f3n Civil\u00a0(ANAC), incluye paros, movilizaciones y asambleas en dos franjas horarias diarias:&#8230;<\/p>\n","protected":false},"author":3,"featured_media":4775,"comment_status":"open","ping_status":"closed","sticky":false,"template":"","format":"standard","meta":{"_monsterinsights_skip_tracking":false,"footnotes":""},"categories":[9],"tags":[],"class_list":["post-4774","post","type-post","status-publish","format-standard","has-post-thumbnail","hentry","category-nacionales"],"aioseo_notices":[],"aioseo_head":"\n\t\t<!-- All in One SEO 5.0.1.1 - aioseo.com -->\n\t<meta name=\"description\" content=\"La Asociaci\u00f3n de Trabajadores del Estado (ATE) convoc\u00f3 a una jornada nacional de lucha de 48 horas para el jueves 3 y el viernes 4 de septiembre en m\u00e1s de 27 aeropuertos de todo el pa\u00eds. La medida, que involucra a los empleados de la Administraci\u00f3n Nacional de Aviaci\u00f3n Civil (ANAC), incluye paros, movilizaciones y asambleas en dos franjas horarias diarias:\" \/>\n\t<meta name=\"robots\" content=\"max-image-preview:large\" \/>\n\t<meta name=\"author\" content=\"Redacci\u00f3n\"\/>\n\t<link rel=\"canonical\" href=\"https:\/\/canal4nogoya.com\/web\/paros-durante-48-horas-en-mas-de-27-aeropuertos-de-todo-el-pais\/\" \/>\n\t<meta name=\"generator\" content=\"All in One SEO (AIOSEO) 5.0.1.1\" \/>\n\t\t<meta property=\"og:locale\" content=\"es_ES\" \/>\n\t\t<meta property=\"og:site_name\" content=\"Canal 4 Nogoy\u00e1 - Nogoy\u00e1 Televisora Color\" \/>\n\t\t<meta property=\"og:type\" content=\"article\" \/>\n\t\t<meta property=\"og:title\" content=\"Paros durante 48 horas en m\u00e1s de 27 aeropuertos de todo el pa\u00eds - Canal 4 Nogoy\u00e1\" \/>\n\t\t<meta property=\"og:description\" content=\"La Asociaci\u00f3n de Trabajadores del Estado (ATE) convoc\u00f3 a una jornada nacional de lucha de 48 horas para el jueves 3 y el viernes 4 de septiembre en m\u00e1s de 27 aeropuertos de todo el pa\u00eds. La medida, que involucra a los empleados de la Administraci\u00f3n Nacional de Aviaci\u00f3n Civil (ANAC), incluye paros, movilizaciones y asambleas en dos franjas horarias diarias:\" \/>\n\t\t<meta property=\"og:url\" content=\"https:\/\/canal4nogoya.com\/web\/paros-durante-48-horas-en-mas-de-27-aeropuertos-de-todo-el-pais\/\" \/>\n\t\t<meta property=\"og:image\" content=\"https:\/\/canal4nogoya.com\/web\/wp-content\/uploads\/2026\/09\/1-1-1-1-1-1-ATE.avif\" \/>\n\t\t<meta property=\"og:image:secure_url\" content=\"https:\/\/canal4nogoya.com\/web\/wp-content\/uploads\/2026\/09\/1-1-1-1-1-1-ATE.avif\" \/>\n\t\t<meta property=\"og:image:width\" content=\"992\" \/>\n\t\t<meta property=\"og:image:height\" content=\"558\" \/>\n\t\t<meta property=\"article:published_time\" content=\"2026-09-02T01:40:15+00:00\" \/>\n\t\t<meta property=\"article:modified_time\" content=\"2026-09-02T01:40:17+00:00\" \/>\n\t\t<meta name=\"twitter:card\" content=\"summary_large_image\" \/>\n\t\t<meta name=\"twitter:title\" content=\"Paros durante 48 horas en m\u00e1s de 27 aeropuertos de todo el pa\u00eds - Canal 4 Nogoy\u00e1\" \/>\n\t\t<meta name=\"twitter:description\" content=\"La Asociaci\u00f3n de Trabajadores del Estado (ATE) convoc\u00f3 a una jornada nacional de lucha de 48 horas para el jueves 3 y el viernes 4 de septiembre en m\u00e1s de 27 aeropuertos de todo el pa\u00eds. La medida, que involucra a los empleados de la Administraci\u00f3n Nacional de Aviaci\u00f3n Civil (ANAC), incluye paros, movilizaciones y asambleas en dos franjas horarias diarias:\" \/>\n\t\t<meta name=\"twitter:image\" content=\"https:\/\/canal4nogoya.com\/web\/wp-content\/uploads\/2026\/09\/1-1-1-1-1-1-ATE.avif\" \/>\n\t\t<script type=\"application\/ld+json\" class=\"aioseo-schema\">\n\t\t\t{\"@context\":\"https:\\\/\\\/schema.org\",\"@graph\":[{\"@type\":\"BlogPosting\",\"@id\":\"https:\\\/\\\/canal4nogoya.com\\\/web\\\/paros-durante-48-horas-en-mas-de-27-aeropuertos-de-todo-el-pais\\\/#blogposting\",\"name\":\"Paros durante 48 horas en m\\u00e1s de 27 aeropuertos de todo el pa\\u00eds - Canal 4 Nogoy\\u00e1\",\"headline\":\"Paros durante 48 horas en m\\u00e1s de 27 aeropuertos de todo el pa\\u00eds\",\"author\":{\"@id\":\"https:\\\/\\\/canal4nogoya.com\\\/web\\\/author\\\/gonzalo\\\/#author\"},\"publisher\":{\"@id\":\"https:\\\/\\\/canal4nogoya.com\\\/web\\\/#organization\"},\"image\":{\"@type\":\"ImageObject\",\"url\":\"https:\\\/\\\/canal4nogoya.com\\\/web\\\/wp-content\\\/uploads\\\/2026\\\/09\\\/1-1-1-1-1-1-ATE.avif\",\"width\":992,\"height\":558},\"datePublished\":\"2026-09-01T22:40:15-03:00\",\"dateModified\":\"2026-09-01T22:40:17-03:00\",\"inLanguage\":\"es-ES\",\"mainEntityOfPage\":{\"@id\":\"https:\\\/\\\/canal4nogoya.com\\\/web\\\/paros-durante-48-horas-en-mas-de-27-aeropuertos-de-todo-el-pais\\\/#webpage\"},\"isPartOf\":{\"@id\":\"https:\\\/\\\/canal4nogoya.com\\\/web\\\/paros-durante-48-horas-en-mas-de-27-aeropuertos-de-todo-el-pais\\\/#webpage\"},\"articleSection\":\"Nacionales\"},{\"@type\":\"BreadcrumbList\",\"@id\":\"https:\\\/\\\/canal4nogoya.com\\\/web\\\/paros-durante-48-horas-en-mas-de-27-aeropuertos-de-todo-el-pais\\\/#breadcrumblist\",\"itemListElement\":[{\"@type\":\"ListItem\",\"@id\":\"https:\\\/\\\/canal4nogoya.com\\\/web#listItem\",\"position\":1,\"name\":\"Home\",\"item\":\"https:\\\/\\\/canal4nogoya.com\\\/web\",\"nextItem\":{\"@type\":\"ListItem\",\"@id\":\"https:\\\/\\\/canal4nogoya.com\\\/web\\\/category\\\/nacionales\\\/#listItem\",\"name\":\"Nacionales\"}},{\"@type\":\"ListItem\",\"@id\":\"https:\\\/\\\/canal4nogoya.com\\\/web\\\/category\\\/nacionales\\\/#listItem\",\"position\":2,\"name\":\"Nacionales\",\"item\":\"https:\\\/\\\/canal4nogoya.com\\\/web\\\/category\\\/nacionales\\\/\",\"nextItem\":{\"@type\":\"ListItem\",\"@id\":\"https:\\\/\\\/canal4nogoya.com\\\/web\\\/paros-durante-48-horas-en-mas-de-27-aeropuertos-de-todo-el-pais\\\/#listItem\",\"name\":\"Paros durante 48 horas en m\\u00e1s de 27 aeropuertos de todo el pa\\u00eds\"},\"previousItem\":{\"@type\":\"ListItem\",\"@id\":\"https:\\\/\\\/canal4nogoya.com\\\/web#listItem\",\"name\":\"Home\"}},{\"@type\":\"ListItem\",\"@id\":\"https:\\\/\\\/canal4nogoya.com\\\/web\\\/paros-durante-48-horas-en-mas-de-27-aeropuertos-de-todo-el-pais\\\/#listItem\",\"position\":3,\"name\":\"Paros durante 48 horas en m\\u00e1s de 27 aeropuertos de todo el pa\\u00eds\",\"previousItem\":{\"@type\":\"ListItem\",\"@id\":\"https:\\\/\\\/canal4nogoya.com\\\/web\\\/category\\\/nacionales\\\/#listItem\",\"name\":\"Nacionales\"}}]},{\"@type\":\"Organization\",\"@id\":\"https:\\\/\\\/canal4nogoya.com\\\/web\\\/#organization\",\"name\":\"Canal 4 Nogoy\\u00e1\",\"description\":\"Nogoy\\u00e1 Televisora Color\",\"url\":\"https:\\\/\\\/canal4nogoya.com\\\/web\\\/\",\"logo\":{\"@type\":\"ImageObject\",\"url\":\"https:\\\/\\\/canal4nogoya.com\\\/web\\\/wp-content\\\/uploads\\\/2025\\\/04\\\/logos-fondo-blanco.jpg\",\"@id\":\"https:\\\/\\\/canal4nogoya.com\\\/web\\\/paros-durante-48-horas-en-mas-de-27-aeropuertos-de-todo-el-pais\\\/#organizationLogo\",\"width\":2353,\"height\":1080},\"image\":{\"@id\":\"https:\\\/\\\/canal4nogoya.com\\\/web\\\/paros-durante-48-horas-en-mas-de-27-aeropuertos-de-todo-el-pais\\\/#organizationLogo\"}},{\"@type\":\"Person\",\"@id\":\"https:\\\/\\\/canal4nogoya.com\\\/web\\\/author\\\/gonzalo\\\/#author\",\"url\":\"https:\\\/\\\/canal4nogoya.com\\\/web\\\/author\\\/gonzalo\\\/\",\"name\":\"Redacci\\u00f3n\",\"image\":{\"@type\":\"ImageObject\",\"@id\":\"https:\\\/\\\/canal4nogoya.com\\\/web\\\/paros-durante-48-horas-en-mas-de-27-aeropuertos-de-todo-el-pais\\\/#authorImage\",\"url\":\"https:\\\/\\\/canal4nogoya.com\\\/web\\\/wp-content\\\/litespeed\\\/avatar\\\/1df8586f31106921a2f6ae0d9530296b.jpg?ver=1787987515\",\"width\":96,\"height\":96,\"caption\":\"Redacci\\u00f3n\"}},{\"@type\":\"WebPage\",\"@id\":\"https:\\\/\\\/canal4nogoya.com\\\/web\\\/paros-durante-48-horas-en-mas-de-27-aeropuertos-de-todo-el-pais\\\/#webpage\",\"url\":\"https:\\\/\\\/canal4nogoya.com\\\/web\\\/paros-durante-48-horas-en-mas-de-27-aeropuertos-de-todo-el-pais\\\/\",\"name\":\"Paros durante 48 horas en m\\u00e1s de 27 aeropuertos de todo el pa\\u00eds - Canal 4 Nogoy\\u00e1\",\"description\":\"La Asociaci\\u00f3n de Trabajadores del Estado (ATE) convoc\\u00f3 a una jornada nacional de lucha de 48 horas para el jueves 3 y el viernes 4 de septiembre en m\\u00e1s de 27 aeropuertos de todo el pa\\u00eds. La medida, que involucra a los empleados de la Administraci\\u00f3n Nacional de Aviaci\\u00f3n Civil (ANAC), incluye paros, movilizaciones y asambleas en dos franjas horarias diarias:\",\"inLanguage\":\"es-ES\",\"isPartOf\":{\"@id\":\"https:\\\/\\\/canal4nogoya.com\\\/web\\\/#website\"},\"breadcrumb\":{\"@id\":\"https:\\\/\\\/canal4nogoya.com\\\/web\\\/paros-durante-48-horas-en-mas-de-27-aeropuertos-de-todo-el-pais\\\/#breadcrumblist\"},\"author\":{\"@id\":\"https:\\\/\\\/canal4nogoya.com\\\/web\\\/author\\\/gonzalo\\\/#author\"},\"creator\":{\"@id\":\"https:\\\/\\\/canal4nogoya.com\\\/web\\\/author\\\/gonzalo\\\/#author\"},\"image\":{\"@type\":\"ImageObject\",\"url\":\"https:\\\/\\\/canal4nogoya.com\\\/web\\\/wp-content\\\/uploads\\\/2026\\\/09\\\/1-1-1-1-1-1-ATE.avif\",\"@id\":\"https:\\\/\\\/canal4nogoya.com\\\/web\\\/paros-durante-48-horas-en-mas-de-27-aeropuertos-de-todo-el-pais\\\/#mainImage\",\"width\":992,\"height\":558},\"primaryImageOfPage\":{\"@id\":\"https:\\\/\\\/canal4nogoya.com\\\/web\\\/paros-durante-48-horas-en-mas-de-27-aeropuertos-de-todo-el-pais\\\/#mainImage\"},\"datePublished\":\"2026-09-01T22:40:15-03:00\",\"dateModified\":\"2026-09-01T22:40:17-03:00\"},{\"@type\":\"WebSite\",\"@id\":\"https:\\\/\\\/canal4nogoya.com\\\/web\\\/#website\",\"url\":\"https:\\\/\\\/canal4nogoya.com\\\/web\\\/\",\"name\":\"Canal 4 Nogoy\\u00e1\",\"description\":\"Nogoy\\u00e1 Televisora Color\",\"inLanguage\":\"es-ES\",\"publisher\":{\"@id\":\"https:\\\/\\\/canal4nogoya.com\\\/web\\\/#organization\"}}]}\n\t\t<\/script>\n\t\t<!-- All in One SEO -->\n\n","aioseo_head_json":{"title":"Paros durante 48 horas en m\u00e1s de 27 aeropuertos de todo el pa\u00eds - Canal 4 Nogoy\u00e1","description":"La Asociaci\u00f3n de Trabajadores del Estado (ATE) convoc\u00f3 a una jornada nacional de lucha de 48 horas para el jueves 3 y el viernes 4 de septiembre en m\u00e1s de 27 aeropuertos de todo el pa\u00eds. La medida, que involucra a los empleados de la Administraci\u00f3n Nacional de Aviaci\u00f3n Civil (ANAC), incluye paros, movilizaciones y asambleas en dos franjas horarias diarias:","canonical_url":"https:\/\/canal4nogoya.com\/web\/paros-durante-48-horas-en-mas-de-27-aeropuertos-de-todo-el-pais\/","robots":"max-image-preview:large","keywords":"","webmasterTools":{"miscellaneous":""},"schema":{"@context":"https:\/\/schema.org","@graph":[{"@type":"BlogPosting","@id":"https:\/\/canal4nogoya.com\/web\/paros-durante-48-horas-en-mas-de-27-aeropuertos-de-todo-el-pais\/#blogposting","name":"Paros durante 48 horas en m\u00e1s de 27 aeropuertos de todo el pa\u00eds - Canal 4 Nogoy\u00e1","headline":"Paros durante 48 horas en m\u00e1s de 27 aeropuertos de todo el pa\u00eds","author":{"@id":"https:\/\/canal4nogoya.com\/web\/author\/gonzalo\/#author"},"publisher":{"@id":"https:\/\/canal4nogoya.com\/web\/#organization"},"image":{"@type":"ImageObject","url":"https:\/\/canal4nogoya.com\/web\/wp-content\/uploads\/2026\/09\/1-1-1-1-1-1-ATE.avif","width":992,"height":558},"datePublished":"2026-09-01T22:40:15-03:00","dateModified":"2026-09-01T22:40:17-03:00","inLanguage":"es-ES","mainEntityOfPage":{"@id":"https:\/\/canal4nogoya.com\/web\/paros-durante-48-horas-en-mas-de-27-aeropuertos-de-todo-el-pais\/#webpage"},"isPartOf":{"@id":"https:\/\/canal4nogoya.com\/web\/paros-durante-48-horas-en-mas-de-27-aeropuertos-de-todo-el-pais\/#webpage"},"articleSection":"Nacionales"},{"@type":"BreadcrumbList","@id":"https:\/\/canal4nogoya.com\/web\/paros-durante-48-horas-en-mas-de-27-aeropuertos-de-todo-el-pais\/#breadcrumblist","itemListElement":[{"@type":"ListItem","@id":"https:\/\/canal4nogoya.com\/web#listItem","position":1,"name":"Home","item":"https:\/\/canal4nogoya.com\/web","nextItem":{"@type":"ListItem","@id":"https:\/\/canal4nogoya.com\/web\/category\/nacionales\/#listItem","name":"Nacionales"}},{"@type":"ListItem","@id":"https:\/\/canal4nogoya.com\/web\/category\/nacionales\/#listItem","position":2,"name":"Nacionales","item":"https:\/\/canal4nogoya.com\/web\/category\/nacionales\/","nextItem":{"@type":"ListItem","@id":"https:\/\/canal4nogoya.com\/web\/paros-durante-48-horas-en-mas-de-27-aeropuertos-de-todo-el-pais\/#listItem","name":"Paros durante 48 horas en m\u00e1s de 27 aeropuertos de todo el pa\u00eds"},"previousItem":{"@type":"ListItem","@id":"https:\/\/canal4nogoya.com\/web#listItem","name":"Home"}},{"@type":"ListItem","@id":"https:\/\/canal4nogoya.com\/web\/paros-durante-48-horas-en-mas-de-27-aeropuertos-de-todo-el-pais\/#listItem","position":3,"name":"Paros durante 48 horas en m\u00e1s de 27 aeropuertos de todo el pa\u00eds","previousItem":{"@type":"ListItem","@id":"https:\/\/canal4nogoya.com\/web\/category\/nacionales\/#listItem","name":"Nacionales"}}]},{"@type":"Organization","@id":"https:\/\/canal4nogoya.com\/web\/#organization","name":"Canal 4 Nogoy\u00e1","description":"Nogoy\u00e1 Televisora Color","url":"https:\/\/canal4nogoya.com\/web\/","logo":{"@type":"ImageObject","url":"https:\/\/canal4nogoya.com\/web\/wp-content\/uploads\/2025\/04\/logos-fondo-blanco.jpg","@id":"https:\/\/canal4nogoya.com\/web\/paros-durante-48-horas-en-mas-de-27-aeropuertos-de-todo-el-pais\/#organizationLogo","width":2353,"height":1080},"image":{"@id":"https:\/\/canal4nogoya.com\/web\/paros-durante-48-horas-en-mas-de-27-aeropuertos-de-todo-el-pais\/#organizationLogo"}},{"@type":"Person","@id":"https:\/\/canal4nogoya.com\/web\/author\/gonzalo\/#author","url":"https:\/\/canal4nogoya.com\/web\/author\/gonzalo\/","name":"Redacci\u00f3n","image":{"@type":"ImageObject","@id":"https:\/\/canal4nogoya.com\/web\/paros-durante-48-horas-en-mas-de-27-aeropuertos-de-todo-el-pais\/#authorImage","url":"https:\/\/canal4nogoya.com\/web\/wp-content\/litespeed\/avatar\/1df8586f31106921a2f6ae0d9530296b.jpg?ver=1787987515","width":96,"height":96,"caption":"Redacci\u00f3n"}},{"@type":"WebPage","@id":"https:\/\/canal4nogoya.com\/web\/paros-durante-48-horas-en-mas-de-27-aeropuertos-de-todo-el-pais\/#webpage","url":"https:\/\/canal4nogoya.com\/web\/paros-durante-48-horas-en-mas-de-27-aeropuertos-de-todo-el-pais\/","name":"Paros durante 48 horas en m\u00e1s de 27 aeropuertos de todo el pa\u00eds - Canal 4 Nogoy\u00e1","description":"La Asociaci\u00f3n de Trabajadores del Estado (ATE) convoc\u00f3 a una jornada nacional de lucha de 48 horas para el jueves 3 y el viernes 4 de septiembre en m\u00e1s de 27 aeropuertos de todo el pa\u00eds. La medida, que involucra a los empleados de la Administraci\u00f3n Nacional de Aviaci\u00f3n Civil (ANAC), incluye paros, movilizaciones y asambleas en dos franjas horarias diarias:","inLanguage":"es-ES","isPartOf":{"@id":"https:\/\/canal4nogoya.com\/web\/#website"},"breadcrumb":{"@id":"https:\/\/canal4nogoya.com\/web\/paros-durante-48-horas-en-mas-de-27-aeropuertos-de-todo-el-pais\/#breadcrumblist"},"author":{"@id":"https:\/\/canal4nogoya.com\/web\/author\/gonzalo\/#author"},"creator":{"@id":"https:\/\/canal4nogoya.com\/web\/author\/gonzalo\/#author"},"image":{"@type":"ImageObject","url":"https:\/\/canal4nogoya.com\/web\/wp-content\/uploads\/2026\/09\/1-1-1-1-1-1-ATE.avif","@id":"https:\/\/canal4nogoya.com\/web\/paros-durante-48-horas-en-mas-de-27-aeropuertos-de-todo-el-pais\/#mainImage","width":992,"height":558},"primaryImageOfPage":{"@id":"https:\/\/canal4nogoya.com\/web\/paros-durante-48-horas-en-mas-de-27-aeropuertos-de-todo-el-pais\/#mainImage"},"datePublished":"2026-09-01T22:40:15-03:00","dateModified":"2026-09-01T22:40:17-03:00"},{"@type":"WebSite","@id":"https:\/\/canal4nogoya.com\/web\/#website","url":"https:\/\/canal4nogoya.com\/web\/","name":"Canal 4 Nogoy\u00e1","description":"Nogoy\u00e1 Televisora Color","inLanguage":"es-ES","publisher":{"@id":"https:\/\/canal4nogoya.com\/web\/#organization"}}]},"og:locale":"es_ES","og:site_name":"Canal 4 Nogoy\u00e1 - Nogoy\u00e1 Televisora Color","og:type":"article","og:title":"Paros durante 48 horas en m\u00e1s de 27 aeropuertos de todo el pa\u00eds - Canal 4 Nogoy\u00e1","og:description":"La Asociaci\u00f3n de Trabajadores del Estado (ATE) convoc\u00f3 a una jornada nacional de lucha de 48 horas para el jueves 3 y el viernes 4 de septiembre en m\u00e1s de 27 aeropuertos de todo el pa\u00eds. La medida, que involucra a los empleados de la Administraci\u00f3n Nacional de Aviaci\u00f3n Civil (ANAC), incluye paros, movilizaciones y asambleas en dos franjas horarias diarias:","og:url":"https:\/\/canal4nogoya.com\/web\/paros-durante-48-horas-en-mas-de-27-aeropuertos-de-todo-el-pais\/","og:image":"https:\/\/canal4nogoya.com\/web\/wp-content\/uploads\/2026\/09\/1-1-1-1-1-1-ATE.avif","og:image:secure_url":"https:\/\/canal4nogoya.com\/web\/wp-content\/uploads\/2026\/09\/1-1-1-1-1-1-ATE.avif","og:image:width":992,"og:image:height":558,"article:published_time":"2026-09-02T01:40:15+00:00","article:modified_time":"2026-09-02T01:40:17+00:00","twitter:card":"summary_large_image","twitter:title":"Paros durante 48 horas en m\u00e1s de 27 aeropuertos de todo el pa\u00eds - Canal 4 Nogoy\u00e1","twitter:description":"La Asociaci\u00f3n de Trabajadores del Estado (ATE) convoc\u00f3 a una jornada nacional de lucha de 48 horas para el jueves 3 y el viernes 4 de septiembre en m\u00e1s de 27 aeropuertos de todo el pa\u00eds. La medida, que involucra a los empleados de la Administraci\u00f3n Nacional de Aviaci\u00f3n Civil (ANAC), incluye paros, movilizaciones y asambleas en dos franjas horarias diarias:","twitter:image":"https:\/\/canal4nogoya.com\/web\/wp-content\/uploads\/2026\/09\/1-1-1-1-1-1-ATE.avif"},"aioseo_meta_data":{"post_id":"4774","title":null,"description":null,"keywords":null,"keyphrases":{"focus":{"keyphrase":"","score":0,"analysis":{"keyphraseInTitle":{"score":0,"maxScore":9,"error":1}}},"additional":[]},"primary_term":null,"canonical_url":null,"og_title":null,"og_description":null,"og_object_type":"default","og_image_type":"default","og_image_url":null,"og_image_width":null,"og_image_height":null,"og_image_custom_url":null,"og_image_custom_fields":null,"og_video":"","og_custom_url":null,"og_article_section":null,"og_article_tags":null,"twitter_use_og":false,"twitter_card":"default","twitter_image_type":"default","twitter_image_url":null,"twitter_image_custom_url":null,"twitter_image_custom_fields":null,"twitter_title":null,"twitter_description":null,"schema":{"blockGraphs":[],"customGraphs":[],"default":{"data":{"Article":[],"Course":[],"Dataset":[],"FAQPage":[],"Movie":[],"Person":[],"Product":[],"ProductReview":[],"Car":[],"Recipe":[],"Service":[],"SoftwareApplication":[],"WebPage":[]},"graphName":"BlogPosting","isEnabled":true},"graphs":[]},"schema_type":"default","schema_type_options":null,"pillar_content":false,"robots_default":true,"robots_noindex":false,"robots_noarchive":false,"robots_nosnippet":false,"robots_nofollow":false,"robots_noimageindex":false,"robots_noodp":false,"robots_notranslate":false,"robots_max_snippet":"-1","robots_max_videopreview":"-1","robots_max_imagepreview":"large","priority":null,"frequency":"default","local_seo":null,"breadcrumb_settings":null,"limit_modified_date":false,"ai":{"faqs":[],"keyPoints":[],"schemas":[],"titles":[],"descriptions":[],"socialPosts":{"email":{"subject":"","preview":"","content":""},"linkedin":[],"twitter":[],"facebook":[],"instagram":[]}},"created":"2026-09-02 01:40:17","updated":"2026-09-02 04:12:16","seo_analyzer_scan_date":null,"focus_keyword":null,"additional_keywords":null,"truseo_locale":null},"aioseo_breadcrumb":"<div class=\"aioseo-breadcrumbs\"><span class=\"aioseo-breadcrumb\">\n\t\t\t<a href=\"https:\/\/canal4nogoya.com\/web\" title=\"Home\">Home<\/a>\n\t\t<\/span><span class=\"aioseo-breadcrumb-separator\">&raquo;<\/span><span class=\"aioseo-breadcrumb\">\n\t\t\t<a href=\"https:\/\/canal4nogoya.com\/web\/category\/nacionales\/\" title=\"Nacionales\">Nacionales<\/a>\n\t\t<\/span><span class=\"aioseo-breadcrumb-separator\">&raquo;<\/span><span class=\"aioseo-breadcrumb\">\n\t\t\tParos durante 48 horas en m\u00e1s de 27 aeropuertos de todo el pa\u00eds\n\t\t<\/span><\/div>","aioseo_breadcrumb_json":[{"label":"Home","link":"https:\/\/canal4nogoya.com\/web"},{"label":"Nacionales","link":"https:\/\/canal4nogoya.com\/web\/category\/nacionales\/"},{"label":"Paros durante 48 horas en m\u00e1s de 27 aeropuertos de todo el pa\u00eds","link":"https:\/\/canal4nogoya.com\/web\/paros-durante-48-horas-en-mas-de-27-aeropuertos-de-todo-el-pais\/"}],"jetpack_featured_media_url":"https:\/\/canal4nogoya.com\/web\/wp-content\/uploads\/2026\/09\/1-1-1-1-1-1-ATE.avif","_links":{"self":[{"href":"https:\/\/canal4nogoya.com\/web\/wp-json\/wp\/v2\/posts\/4774","targetHints":{"allow":["GET"]}}],"collection":[{"href":"https:\/\/canal4nogoya.com\/web\/wp-json\/wp\/v2\/posts"}],"about":[{"href":"https:\/\/canal4nogoya.com\/web\/wp-json\/wp\/v2\/types\/post"}],"author":[{"embeddable":true,"href":"https:\/\/canal4nogoya.com\/web\/wp-json\/wp\/v2\/users\/3"}],"replies":[{"embeddable":true,"href":"https:\/\/canal4nogoya.com\/web\/wp-json\/wp\/v2\/comments?post=4774"}],"version-history":[{"count":1,"href":"https:\/\/canal4nogoya.com\/web\/wp-json\/wp\/v2\/posts\/4774\/revisions"}],"predecessor-version":[{"id":4776,"href":"https:\/\/canal4nogoya.com\/web\/wp-json\/wp\/v2\/posts\/4774\/revisions\/4776"}],"wp:featuredmedia":[{"embeddable":true,"href":"https:\/\/canal4nogoya.com\/web\/wp-json\/wp\/v2\/media\/4775"}],"wp:attachment":[{"href":"https:\/\/canal4nogoya.com\/web\/wp-json\/wp\/v2\/media?parent=4774"}],"wp:term":[{"taxonomy":"category","embeddable":true,"href":"https:\/\/canal4nogoya.com\/web\/wp-json\/wp\/v2\/categories?post=4774"},{"taxonomy":"post_tag","embeddable":true,"href":"https:\/\/canal4nogoya.com\/web\/wp-json\/wp\/v2\/tags?post=4774"}],"curies":[{"name":"wp","href":"https:\/\/api.w.org\/{rel}","templated":true}]}}