{"id":4784,"date":"2026-09-02T16:33:05","date_gmt":"2026-09-02T19:33:05","guid":{"rendered":"https:\/\/canal4nogoya.com\/web\/?p=4784"},"modified":"2026-09-02T16:33:06","modified_gmt":"2026-09-02T19:33:06","slug":"se-eliminaron-las-pensiones-vitalicas-para-gobernador-y-vice-en-entre-rios","status":"publish","type":"post","link":"https:\/\/canal4nogoya.com\/web\/se-eliminaron-las-pensiones-vitalicas-para-gobernador-y-vice-en-entre-rios\/","title":{"rendered":"Se eliminaron las pensiones vitalicas para gobernador y vice en Entre R\u00edos"},"content":{"rendered":"\n<p class=\"wp-block-paragraph\"><\/p>\n\n\n\n<p class=\"wp-block-paragraph\">El gobernador&nbsp;<strong>Rogelio Frigerio<\/strong>&nbsp;celebr\u00f3 que la C\u00e1mara de Diputados haya convertido en ley este mi\u00e9rcoles el proyecto que&nbsp;<strong>deroga las pensiones vitalicias de gobernador y vicegobernador<\/strong>, tras recibir modificaciones en el Senado. Se trata de una norma que tiene m\u00e1s de seis d\u00e9cadas en la provincia y reg\u00eda desde el gobierno del radical Carlos Ra\u00fal Cont\u00edn.<\/p>\n\n\n\n<p class=\"wp-block-paragraph\"><\/p>\n\n\n\n<p class=\"wp-block-paragraph\"><strong>\u201cPusimos fin a m\u00e1s de 60 a\u00f1os de pensiones vitalicias para gobernadores y vicegobernadores. Alicia Aluani y yo vamos a ser los primeros alcanzados por esta decisi\u00f3n. Un compromiso m\u00e1s que asumimos y cumplimos\u201d<\/strong>, dijo Frigerio<\/p>\n\n\n\n<p class=\"wp-block-paragraph\"><\/p>\n\n\n\n<p class=\"wp-block-paragraph\">\u201cDesde el primer d\u00eda&nbsp;<strong>venimos eliminando los privilegios de la pol\u00edtica<\/strong>&nbsp;y ordenando el Estado para ponerlo nuevamente al servicio de los entrerrianos. Estoy convencido de que, si queremos cambiar la forma de gobernar, el cambio tiene que empezar por quienes tenemos la responsabilidad de hacerlo\u201d, agreg\u00f3.<\/p>\n\n\n\n<p class=\"wp-block-paragraph\"><\/p>\n\n\n\n<p class=\"wp-block-paragraph\"><\/p>\n\n\n\n<p class=\"wp-block-paragraph\">La iniciativa estipula que ning\u00fan funcionario o empleado p\u00fablico provincial, municipal o comunal podr\u00e1 ser beneficiario de pensiones especiales o graciables otorgadas por la Provincia que no provengan del sistema de jubilaciones ordinario, a excepci\u00f3n de las que provengan de la Ley N\u00b0 7.849 de M\u00e9rito Cultural y la Ley N\u00b0 9.216 de H\u00e9roes Entrerrianos Veteranos de Malvinas.<\/p>\n\n\n\n<p class=\"wp-block-paragraph\"><\/p>\n\n\n\n<p class=\"wp-block-paragraph\">Fuente: Ahora<\/p>\n","protected":false},"excerpt":{"rendered":"<p>El gobernador&nbsp;Rogelio Frigerio&nbsp;celebr\u00f3 que la C\u00e1mara de Diputados haya convertido en ley este mi\u00e9rcoles el proyecto que&nbsp;deroga las pensiones vitalicias de gobernador y vicegobernador, tras recibir modificaciones en el Senado. Se trata de una norma que tiene m\u00e1s de seis d\u00e9cadas en la provincia y reg\u00eda desde el gobierno del radical Carlos Ra\u00fal Cont\u00edn. \u201cPusimos&#8230;<\/p>\n","protected":false},"author":3,"featured_media":4390,"comment_status":"open","ping_status":"closed","sticky":false,"template":"","format":"standard","meta":{"_monsterinsights_skip_tracking":false,"footnotes":""},"categories":[10],"tags":[],"class_list":["post-4784","post","type-post","status-publish","format-standard","has-post-thumbnail","hentry","category-provinciales"],"aioseo_notices":[],"aioseo_head":"\n\t\t<!-- All in One SEO 5.0.1.1 - aioseo.com -->\n\t<meta name=\"description\" content=\"El gobernador Rogelio Frigerio celebr\u00f3 que la C\u00e1mara de Diputados haya convertido en ley este mi\u00e9rcoles el proyecto que deroga las pensiones vitalicias de gobernador y vicegobernador, tras recibir modificaciones en el Senado. Se trata de una norma que tiene m\u00e1s de seis d\u00e9cadas en la provincia y reg\u00eda desde el gobierno del radical Carlos Ra\u00fal Cont\u00edn. \u201cPusimos\" \/>\n\t<meta name=\"robots\" content=\"max-image-preview:large\" \/>\n\t<meta name=\"author\" content=\"Redacci\u00f3n\"\/>\n\t<link rel=\"canonical\" href=\"https:\/\/canal4nogoya.com\/web\/se-eliminaron-las-pensiones-vitalicas-para-gobernador-y-vice-en-entre-rios\/\" \/>\n\t<meta name=\"generator\" content=\"All in One SEO (AIOSEO) 5.0.1.1\" \/>\n\t\t<meta property=\"og:locale\" content=\"es_ES\" \/>\n\t\t<meta property=\"og:site_name\" content=\"Canal 4 Nogoy\u00e1 - Nogoy\u00e1 Televisora Color\" \/>\n\t\t<meta property=\"og:type\" content=\"article\" \/>\n\t\t<meta property=\"og:title\" content=\"Se eliminaron las pensiones vitalicas para gobernador y vice en Entre R\u00edos - Canal 4 Nogoy\u00e1\" \/>\n\t\t<meta property=\"og:description\" content=\"El gobernador Rogelio Frigerio celebr\u00f3 que la C\u00e1mara de Diputados haya convertido en ley este mi\u00e9rcoles el proyecto que deroga las pensiones vitalicias de gobernador y vicegobernador, tras recibir modificaciones en el Senado. Se trata de una norma que tiene m\u00e1s de seis d\u00e9cadas en la provincia y reg\u00eda desde el gobierno del radical Carlos Ra\u00fal Cont\u00edn. \u201cPusimos\" \/>\n\t\t<meta property=\"og:url\" content=\"https:\/\/canal4nogoya.com\/web\/se-eliminaron-las-pensiones-vitalicas-para-gobernador-y-vice-en-entre-rios\/\" \/>\n\t\t<meta property=\"og:image\" content=\"https:\/\/canal4nogoya.com\/web\/wp-content\/uploads\/2026\/07\/1-1-1-1-1-1-a-Dip.webp\" \/>\n\t\t<meta property=\"og:image:secure_url\" content=\"https:\/\/canal4nogoya.com\/web\/wp-content\/uploads\/2026\/07\/1-1-1-1-1-1-a-Dip.webp\" \/>\n\t\t<meta property=\"og:image:width\" content=\"1024\" \/>\n\t\t<meta property=\"og:image:height\" content=\"683\" \/>\n\t\t<meta property=\"article:published_time\" content=\"2026-09-02T19:33:05+00:00\" \/>\n\t\t<meta property=\"article:modified_time\" content=\"2026-09-02T19:33:06+00:00\" \/>\n\t\t<meta name=\"twitter:card\" content=\"summary_large_image\" \/>\n\t\t<meta name=\"twitter:title\" content=\"Se eliminaron las pensiones vitalicas para gobernador y vice en Entre R\u00edos - Canal 4 Nogoy\u00e1\" \/>\n\t\t<meta name=\"twitter:description\" content=\"El gobernador Rogelio Frigerio celebr\u00f3 que la C\u00e1mara de Diputados haya convertido en ley este mi\u00e9rcoles el proyecto que deroga las pensiones vitalicias de gobernador y vicegobernador, tras recibir modificaciones en el Senado. Se trata de una norma que tiene m\u00e1s de seis d\u00e9cadas en la provincia y reg\u00eda desde el gobierno del radical Carlos Ra\u00fal Cont\u00edn. \u201cPusimos\" \/>\n\t\t<meta name=\"twitter:image\" content=\"https:\/\/canal4nogoya.com\/web\/wp-content\/uploads\/2026\/07\/1-1-1-1-1-1-a-Dip.webp\" \/>\n\t\t<script type=\"application\/ld+json\" class=\"aioseo-schema\">\n\t\t\t{\"@context\":\"https:\\\/\\\/schema.org\",\"@graph\":[{\"@type\":\"BlogPosting\",\"@id\":\"https:\\\/\\\/canal4nogoya.com\\\/web\\\/se-eliminaron-las-pensiones-vitalicas-para-gobernador-y-vice-en-entre-rios\\\/#blogposting\",\"name\":\"Se eliminaron las pensiones vitalicas para gobernador y vice en Entre R\\u00edos - Canal 4 Nogoy\\u00e1\",\"headline\":\"Se eliminaron las pensiones vitalicas para gobernador y vice en Entre R\\u00edos\",\"author\":{\"@id\":\"https:\\\/\\\/canal4nogoya.com\\\/web\\\/author\\\/gonzalo\\\/#author\"},\"publisher\":{\"@id\":\"https:\\\/\\\/canal4nogoya.com\\\/web\\\/#organization\"},\"image\":{\"@type\":\"ImageObject\",\"url\":\"https:\\\/\\\/canal4nogoya.com\\\/web\\\/wp-content\\\/uploads\\\/2026\\\/07\\\/1-1-1-1-1-1-a-Dip.webp\",\"width\":1024,\"height\":683},\"datePublished\":\"2026-09-02T16:33:05-03:00\",\"dateModified\":\"2026-09-02T16:33:06-03:00\",\"inLanguage\":\"es-ES\",\"mainEntityOfPage\":{\"@id\":\"https:\\\/\\\/canal4nogoya.com\\\/web\\\/se-eliminaron-las-pensiones-vitalicas-para-gobernador-y-vice-en-entre-rios\\\/#webpage\"},\"isPartOf\":{\"@id\":\"https:\\\/\\\/canal4nogoya.com\\\/web\\\/se-eliminaron-las-pensiones-vitalicas-para-gobernador-y-vice-en-entre-rios\\\/#webpage\"},\"articleSection\":\"Provinciales\"},{\"@type\":\"BreadcrumbList\",\"@id\":\"https:\\\/\\\/canal4nogoya.com\\\/web\\\/se-eliminaron-las-pensiones-vitalicas-para-gobernador-y-vice-en-entre-rios\\\/#breadcrumblist\",\"itemListElement\":[{\"@type\":\"ListItem\",\"@id\":\"https:\\\/\\\/canal4nogoya.com\\\/web#listItem\",\"position\":1,\"name\":\"Home\",\"item\":\"https:\\\/\\\/canal4nogoya.com\\\/web\",\"nextItem\":{\"@type\":\"ListItem\",\"@id\":\"https:\\\/\\\/canal4nogoya.com\\\/web\\\/category\\\/provinciales\\\/#listItem\",\"name\":\"Provinciales\"}},{\"@type\":\"ListItem\",\"@id\":\"https:\\\/\\\/canal4nogoya.com\\\/web\\\/category\\\/provinciales\\\/#listItem\",\"position\":2,\"name\":\"Provinciales\",\"item\":\"https:\\\/\\\/canal4nogoya.com\\\/web\\\/category\\\/provinciales\\\/\",\"nextItem\":{\"@type\":\"ListItem\",\"@id\":\"https:\\\/\\\/canal4nogoya.com\\\/web\\\/se-eliminaron-las-pensiones-vitalicas-para-gobernador-y-vice-en-entre-rios\\\/#listItem\",\"name\":\"Se eliminaron las pensiones vitalicas para gobernador y vice en Entre R\\u00edos\"},\"previousItem\":{\"@type\":\"ListItem\",\"@id\":\"https:\\\/\\\/canal4nogoya.com\\\/web#listItem\",\"name\":\"Home\"}},{\"@type\":\"ListItem\",\"@id\":\"https:\\\/\\\/canal4nogoya.com\\\/web\\\/se-eliminaron-las-pensiones-vitalicas-para-gobernador-y-vice-en-entre-rios\\\/#listItem\",\"position\":3,\"name\":\"Se eliminaron las pensiones vitalicas para gobernador y vice en Entre R\\u00edos\",\"previousItem\":{\"@type\":\"ListItem\",\"@id\":\"https:\\\/\\\/canal4nogoya.com\\\/web\\\/category\\\/provinciales\\\/#listItem\",\"name\":\"Provinciales\"}}]},{\"@type\":\"Organization\",\"@id\":\"https:\\\/\\\/canal4nogoya.com\\\/web\\\/#organization\",\"name\":\"Canal 4 Nogoy\\u00e1\",\"description\":\"Nogoy\\u00e1 Televisora Color\",\"url\":\"https:\\\/\\\/canal4nogoya.com\\\/web\\\/\",\"logo\":{\"@type\":\"ImageObject\",\"url\":\"https:\\\/\\\/canal4nogoya.com\\\/web\\\/wp-content\\\/uploads\\\/2025\\\/04\\\/logos-fondo-blanco.jpg\",\"@id\":\"https:\\\/\\\/canal4nogoya.com\\\/web\\\/se-eliminaron-las-pensiones-vitalicas-para-gobernador-y-vice-en-entre-rios\\\/#organizationLogo\",\"width\":2353,\"height\":1080},\"image\":{\"@id\":\"https:\\\/\\\/canal4nogoya.com\\\/web\\\/se-eliminaron-las-pensiones-vitalicas-para-gobernador-y-vice-en-entre-rios\\\/#organizationLogo\"}},{\"@type\":\"Person\",\"@id\":\"https:\\\/\\\/canal4nogoya.com\\\/web\\\/author\\\/gonzalo\\\/#author\",\"url\":\"https:\\\/\\\/canal4nogoya.com\\\/web\\\/author\\\/gonzalo\\\/\",\"name\":\"Redacci\\u00f3n\",\"image\":{\"@type\":\"ImageObject\",\"@id\":\"https:\\\/\\\/canal4nogoya.com\\\/web\\\/se-eliminaron-las-pensiones-vitalicas-para-gobernador-y-vice-en-entre-rios\\\/#authorImage\",\"url\":\"https:\\\/\\\/canal4nogoya.com\\\/web\\\/wp-content\\\/litespeed\\\/avatar\\\/1df8586f31106921a2f6ae0d9530296b.jpg?ver=1787987515\",\"width\":96,\"height\":96,\"caption\":\"Redacci\\u00f3n\"}},{\"@type\":\"WebPage\",\"@id\":\"https:\\\/\\\/canal4nogoya.com\\\/web\\\/se-eliminaron-las-pensiones-vitalicas-para-gobernador-y-vice-en-entre-rios\\\/#webpage\",\"url\":\"https:\\\/\\\/canal4nogoya.com\\\/web\\\/se-eliminaron-las-pensiones-vitalicas-para-gobernador-y-vice-en-entre-rios\\\/\",\"name\":\"Se eliminaron las pensiones vitalicas para gobernador y vice en Entre R\\u00edos - Canal 4 Nogoy\\u00e1\",\"description\":\"El gobernador Rogelio Frigerio celebr\\u00f3 que la C\\u00e1mara de Diputados haya convertido en ley este mi\\u00e9rcoles el proyecto que deroga las pensiones vitalicias de gobernador y vicegobernador, tras recibir modificaciones en el Senado. Se trata de una norma que tiene m\\u00e1s de seis d\\u00e9cadas en la provincia y reg\\u00eda desde el gobierno del radical Carlos Ra\\u00fal Cont\\u00edn. \\u201cPusimos\",\"inLanguage\":\"es-ES\",\"isPartOf\":{\"@id\":\"https:\\\/\\\/canal4nogoya.com\\\/web\\\/#website\"},\"breadcrumb\":{\"@id\":\"https:\\\/\\\/canal4nogoya.com\\\/web\\\/se-eliminaron-las-pensiones-vitalicas-para-gobernador-y-vice-en-entre-rios\\\/#breadcrumblist\"},\"author\":{\"@id\":\"https:\\\/\\\/canal4nogoya.com\\\/web\\\/author\\\/gonzalo\\\/#author\"},\"creator\":{\"@id\":\"https:\\\/\\\/canal4nogoya.com\\\/web\\\/author\\\/gonzalo\\\/#author\"},\"image\":{\"@type\":\"ImageObject\",\"url\":\"https:\\\/\\\/canal4nogoya.com\\\/web\\\/wp-content\\\/uploads\\\/2026\\\/07\\\/1-1-1-1-1-1-a-Dip.webp\",\"@id\":\"https:\\\/\\\/canal4nogoya.com\\\/web\\\/se-eliminaron-las-pensiones-vitalicas-para-gobernador-y-vice-en-entre-rios\\\/#mainImage\",\"width\":1024,\"height\":683},\"primaryImageOfPage\":{\"@id\":\"https:\\\/\\\/canal4nogoya.com\\\/web\\\/se-eliminaron-las-pensiones-vitalicas-para-gobernador-y-vice-en-entre-rios\\\/#mainImage\"},\"datePublished\":\"2026-09-02T16:33:05-03:00\",\"dateModified\":\"2026-09-02T16:33:06-03:00\"},{\"@type\":\"WebSite\",\"@id\":\"https:\\\/\\\/canal4nogoya.com\\\/web\\\/#website\",\"url\":\"https:\\\/\\\/canal4nogoya.com\\\/web\\\/\",\"name\":\"Canal 4 Nogoy\\u00e1\",\"description\":\"Nogoy\\u00e1 Televisora Color\",\"inLanguage\":\"es-ES\",\"publisher\":{\"@id\":\"https:\\\/\\\/canal4nogoya.com\\\/web\\\/#organization\"}}]}\n\t\t<\/script>\n\t\t<!-- All in One SEO -->\n\n","aioseo_head_json":{"title":"Se eliminaron las pensiones vitalicas para gobernador y vice en Entre R\u00edos - Canal 4 Nogoy\u00e1","description":"El gobernador Rogelio Frigerio celebr\u00f3 que la C\u00e1mara de Diputados haya convertido en ley este mi\u00e9rcoles el proyecto que deroga las pensiones vitalicias de gobernador y vicegobernador, tras recibir modificaciones en el Senado. Se trata de una norma que tiene m\u00e1s de seis d\u00e9cadas en la provincia y reg\u00eda desde el gobierno del radical Carlos Ra\u00fal Cont\u00edn. \u201cPusimos","canonical_url":"https:\/\/canal4nogoya.com\/web\/se-eliminaron-las-pensiones-vitalicas-para-gobernador-y-vice-en-entre-rios\/","robots":"max-image-preview:large","keywords":"","webmasterTools":{"miscellaneous":""},"schema":{"@context":"https:\/\/schema.org","@graph":[{"@type":"BlogPosting","@id":"https:\/\/canal4nogoya.com\/web\/se-eliminaron-las-pensiones-vitalicas-para-gobernador-y-vice-en-entre-rios\/#blogposting","name":"Se eliminaron las pensiones vitalicas para gobernador y vice en Entre R\u00edos - Canal 4 Nogoy\u00e1","headline":"Se eliminaron las pensiones vitalicas para gobernador y vice en Entre R\u00edos","author":{"@id":"https:\/\/canal4nogoya.com\/web\/author\/gonzalo\/#author"},"publisher":{"@id":"https:\/\/canal4nogoya.com\/web\/#organization"},"image":{"@type":"ImageObject","url":"https:\/\/canal4nogoya.com\/web\/wp-content\/uploads\/2026\/07\/1-1-1-1-1-1-a-Dip.webp","width":1024,"height":683},"datePublished":"2026-09-02T16:33:05-03:00","dateModified":"2026-09-02T16:33:06-03:00","inLanguage":"es-ES","mainEntityOfPage":{"@id":"https:\/\/canal4nogoya.com\/web\/se-eliminaron-las-pensiones-vitalicas-para-gobernador-y-vice-en-entre-rios\/#webpage"},"isPartOf":{"@id":"https:\/\/canal4nogoya.com\/web\/se-eliminaron-las-pensiones-vitalicas-para-gobernador-y-vice-en-entre-rios\/#webpage"},"articleSection":"Provinciales"},{"@type":"BreadcrumbList","@id":"https:\/\/canal4nogoya.com\/web\/se-eliminaron-las-pensiones-vitalicas-para-gobernador-y-vice-en-entre-rios\/#breadcrumblist","itemListElement":[{"@type":"ListItem","@id":"https:\/\/canal4nogoya.com\/web#listItem","position":1,"name":"Home","item":"https:\/\/canal4nogoya.com\/web","nextItem":{"@type":"ListItem","@id":"https:\/\/canal4nogoya.com\/web\/category\/provinciales\/#listItem","name":"Provinciales"}},{"@type":"ListItem","@id":"https:\/\/canal4nogoya.com\/web\/category\/provinciales\/#listItem","position":2,"name":"Provinciales","item":"https:\/\/canal4nogoya.com\/web\/category\/provinciales\/","nextItem":{"@type":"ListItem","@id":"https:\/\/canal4nogoya.com\/web\/se-eliminaron-las-pensiones-vitalicas-para-gobernador-y-vice-en-entre-rios\/#listItem","name":"Se eliminaron las pensiones vitalicas para gobernador y vice en Entre R\u00edos"},"previousItem":{"@type":"ListItem","@id":"https:\/\/canal4nogoya.com\/web#listItem","name":"Home"}},{"@type":"ListItem","@id":"https:\/\/canal4nogoya.com\/web\/se-eliminaron-las-pensiones-vitalicas-para-gobernador-y-vice-en-entre-rios\/#listItem","position":3,"name":"Se eliminaron las pensiones vitalicas para gobernador y vice en Entre R\u00edos","previousItem":{"@type":"ListItem","@id":"https:\/\/canal4nogoya.com\/web\/category\/provinciales\/#listItem","name":"Provinciales"}}]},{"@type":"Organization","@id":"https:\/\/canal4nogoya.com\/web\/#organization","name":"Canal 4 Nogoy\u00e1","description":"Nogoy\u00e1 Televisora Color","url":"https:\/\/canal4nogoya.com\/web\/","logo":{"@type":"ImageObject","url":"https:\/\/canal4nogoya.com\/web\/wp-content\/uploads\/2025\/04\/logos-fondo-blanco.jpg","@id":"https:\/\/canal4nogoya.com\/web\/se-eliminaron-las-pensiones-vitalicas-para-gobernador-y-vice-en-entre-rios\/#organizationLogo","width":2353,"height":1080},"image":{"@id":"https:\/\/canal4nogoya.com\/web\/se-eliminaron-las-pensiones-vitalicas-para-gobernador-y-vice-en-entre-rios\/#organizationLogo"}},{"@type":"Person","@id":"https:\/\/canal4nogoya.com\/web\/author\/gonzalo\/#author","url":"https:\/\/canal4nogoya.com\/web\/author\/gonzalo\/","name":"Redacci\u00f3n","image":{"@type":"ImageObject","@id":"https:\/\/canal4nogoya.com\/web\/se-eliminaron-las-pensiones-vitalicas-para-gobernador-y-vice-en-entre-rios\/#authorImage","url":"https:\/\/canal4nogoya.com\/web\/wp-content\/litespeed\/avatar\/1df8586f31106921a2f6ae0d9530296b.jpg?ver=1787987515","width":96,"height":96,"caption":"Redacci\u00f3n"}},{"@type":"WebPage","@id":"https:\/\/canal4nogoya.com\/web\/se-eliminaron-las-pensiones-vitalicas-para-gobernador-y-vice-en-entre-rios\/#webpage","url":"https:\/\/canal4nogoya.com\/web\/se-eliminaron-las-pensiones-vitalicas-para-gobernador-y-vice-en-entre-rios\/","name":"Se eliminaron las pensiones vitalicas para gobernador y vice en Entre R\u00edos - Canal 4 Nogoy\u00e1","description":"El gobernador Rogelio Frigerio celebr\u00f3 que la C\u00e1mara de Diputados haya convertido en ley este mi\u00e9rcoles el proyecto que deroga las pensiones vitalicias de gobernador y vicegobernador, tras recibir modificaciones en el Senado. Se trata de una norma que tiene m\u00e1s de seis d\u00e9cadas en la provincia y reg\u00eda desde el gobierno del radical Carlos Ra\u00fal Cont\u00edn. \u201cPusimos","inLanguage":"es-ES","isPartOf":{"@id":"https:\/\/canal4nogoya.com\/web\/#website"},"breadcrumb":{"@id":"https:\/\/canal4nogoya.com\/web\/se-eliminaron-las-pensiones-vitalicas-para-gobernador-y-vice-en-entre-rios\/#breadcrumblist"},"author":{"@id":"https:\/\/canal4nogoya.com\/web\/author\/gonzalo\/#author"},"creator":{"@id":"https:\/\/canal4nogoya.com\/web\/author\/gonzalo\/#author"},"image":{"@type":"ImageObject","url":"https:\/\/canal4nogoya.com\/web\/wp-content\/uploads\/2026\/07\/1-1-1-1-1-1-a-Dip.webp","@id":"https:\/\/canal4nogoya.com\/web\/se-eliminaron-las-pensiones-vitalicas-para-gobernador-y-vice-en-entre-rios\/#mainImage","width":1024,"height":683},"primaryImageOfPage":{"@id":"https:\/\/canal4nogoya.com\/web\/se-eliminaron-las-pensiones-vitalicas-para-gobernador-y-vice-en-entre-rios\/#mainImage"},"datePublished":"2026-09-02T16:33:05-03:00","dateModified":"2026-09-02T16:33:06-03:00"},{"@type":"WebSite","@id":"https:\/\/canal4nogoya.com\/web\/#website","url":"https:\/\/canal4nogoya.com\/web\/","name":"Canal 4 Nogoy\u00e1","description":"Nogoy\u00e1 Televisora Color","inLanguage":"es-ES","publisher":{"@id":"https:\/\/canal4nogoya.com\/web\/#organization"}}]},"og:locale":"es_ES","og:site_name":"Canal 4 Nogoy\u00e1 - Nogoy\u00e1 Televisora Color","og:type":"article","og:title":"Se eliminaron las pensiones vitalicas para gobernador y vice en Entre R\u00edos - Canal 4 Nogoy\u00e1","og:description":"El gobernador Rogelio Frigerio celebr\u00f3 que la C\u00e1mara de Diputados haya convertido en ley este mi\u00e9rcoles el proyecto que deroga las pensiones vitalicias de gobernador y vicegobernador, tras recibir modificaciones en el Senado. Se trata de una norma que tiene m\u00e1s de seis d\u00e9cadas en la provincia y reg\u00eda desde el gobierno del radical Carlos Ra\u00fal Cont\u00edn. \u201cPusimos","og:url":"https:\/\/canal4nogoya.com\/web\/se-eliminaron-las-pensiones-vitalicas-para-gobernador-y-vice-en-entre-rios\/","og:image":"https:\/\/canal4nogoya.com\/web\/wp-content\/uploads\/2026\/07\/1-1-1-1-1-1-a-Dip.webp","og:image:secure_url":"https:\/\/canal4nogoya.com\/web\/wp-content\/uploads\/2026\/07\/1-1-1-1-1-1-a-Dip.webp","og:image:width":1024,"og:image:height":683,"article:published_time":"2026-09-02T19:33:05+00:00","article:modified_time":"2026-09-02T19:33:06+00:00","twitter:card":"summary_large_image","twitter:title":"Se eliminaron las pensiones vitalicas para gobernador y vice en Entre R\u00edos - Canal 4 Nogoy\u00e1","twitter:description":"El gobernador Rogelio Frigerio celebr\u00f3 que la C\u00e1mara de Diputados haya convertido en ley este mi\u00e9rcoles el proyecto que deroga las pensiones vitalicias de gobernador y vicegobernador, tras recibir modificaciones en el Senado. Se trata de una norma que tiene m\u00e1s de seis d\u00e9cadas en la provincia y reg\u00eda desde el gobierno del radical Carlos Ra\u00fal Cont\u00edn. \u201cPusimos","twitter:image":"https:\/\/canal4nogoya.com\/web\/wp-content\/uploads\/2026\/07\/1-1-1-1-1-1-a-Dip.webp"},"aioseo_meta_data":{"post_id":"4784","title":null,"description":null,"keywords":null,"keyphrases":{"focus":{"keyphrase":"","score":0,"analysis":{"keyphraseInTitle":{"score":0,"maxScore":9,"error":1}}},"additional":[]},"primary_term":null,"canonical_url":null,"og_title":null,"og_description":null,"og_object_type":"default","og_image_type":"default","og_image_url":null,"og_image_width":null,"og_image_height":null,"og_image_custom_url":null,"og_image_custom_fields":null,"og_video":"","og_custom_url":null,"og_article_section":null,"og_article_tags":null,"twitter_use_og":false,"twitter_card":"default","twitter_image_type":"default","twitter_image_url":null,"twitter_image_custom_url":null,"twitter_image_custom_fields":null,"twitter_title":null,"twitter_description":null,"schema":{"blockGraphs":[],"customGraphs":[],"default":{"data":{"Article":[],"Course":[],"Dataset":[],"FAQPage":[],"Movie":[],"Person":[],"Product":[],"ProductReview":[],"Car":[],"Recipe":[],"Service":[],"SoftwareApplication":[],"WebPage":[]},"graphName":"BlogPosting","isEnabled":true},"graphs":[]},"schema_type":"default","schema_type_options":null,"pillar_content":false,"robots_default":true,"robots_noindex":false,"robots_noarchive":false,"robots_nosnippet":false,"robots_nofollow":false,"robots_noimageindex":false,"robots_noodp":false,"robots_notranslate":false,"robots_max_snippet":"-1","robots_max_videopreview":"-1","robots_max_imagepreview":"large","priority":null,"frequency":"default","local_seo":null,"breadcrumb_settings":null,"limit_modified_date":false,"ai":{"faqs":[],"keyPoints":[],"schemas":[],"titles":[],"descriptions":[],"socialPosts":{"email":{"subject":"","preview":"","content":""},"linkedin":[],"twitter":[],"facebook":[],"instagram":[]}},"created":"2026-09-02 19:33:06","updated":"2026-09-02 21:12:16","seo_analyzer_scan_date":null,"focus_keyword":null,"additional_keywords":null,"truseo_locale":null},"aioseo_breadcrumb":"<div class=\"aioseo-breadcrumbs\"><span class=\"aioseo-breadcrumb\">\n\t\t\t<a href=\"https:\/\/canal4nogoya.com\/web\" title=\"Home\">Home<\/a>\n\t\t<\/span><span class=\"aioseo-breadcrumb-separator\">&raquo;<\/span><span class=\"aioseo-breadcrumb\">\n\t\t\t<a href=\"https:\/\/canal4nogoya.com\/web\/category\/provinciales\/\" title=\"Provinciales\">Provinciales<\/a>\n\t\t<\/span><span class=\"aioseo-breadcrumb-separator\">&raquo;<\/span><span class=\"aioseo-breadcrumb\">\n\t\t\tSe eliminaron las pensiones vitalicas para gobernador y vice en Entre R\u00edos\n\t\t<\/span><\/div>","aioseo_breadcrumb_json":[{"label":"Home","link":"https:\/\/canal4nogoya.com\/web"},{"label":"Provinciales","link":"https:\/\/canal4nogoya.com\/web\/category\/provinciales\/"},{"label":"Se eliminaron las pensiones vitalicas para gobernador y vice en Entre R\u00edos","link":"https:\/\/canal4nogoya.com\/web\/se-eliminaron-las-pensiones-vitalicas-para-gobernador-y-vice-en-entre-rios\/"}],"jetpack_featured_media_url":"https:\/\/canal4nogoya.com\/web\/wp-content\/uploads\/2026\/07\/1-1-1-1-1-1-a-Dip.webp","_links":{"self":[{"href":"https:\/\/canal4nogoya.com\/web\/wp-json\/wp\/v2\/posts\/4784","targetHints":{"allow":["GET"]}}],"collection":[{"href":"https:\/\/canal4nogoya.com\/web\/wp-json\/wp\/v2\/posts"}],"about":[{"href":"https:\/\/canal4nogoya.com\/web\/wp-json\/wp\/v2\/types\/post"}],"author":[{"embeddable":true,"href":"https:\/\/canal4nogoya.com\/web\/wp-json\/wp\/v2\/users\/3"}],"replies":[{"embeddable":true,"href":"https:\/\/canal4nogoya.com\/web\/wp-json\/wp\/v2\/comments?post=4784"}],"version-history":[{"count":1,"href":"https:\/\/canal4nogoya.com\/web\/wp-json\/wp\/v2\/posts\/4784\/revisions"}],"predecessor-version":[{"id":4785,"href":"https:\/\/canal4nogoya.com\/web\/wp-json\/wp\/v2\/posts\/4784\/revisions\/4785"}],"wp:featuredmedia":[{"embeddable":true,"href":"https:\/\/canal4nogoya.com\/web\/wp-json\/wp\/v2\/media\/4390"}],"wp:attachment":[{"href":"https:\/\/canal4nogoya.com\/web\/wp-json\/wp\/v2\/media?parent=4784"}],"wp:term":[{"taxonomy":"category","embeddable":true,"href":"https:\/\/canal4nogoya.com\/web\/wp-json\/wp\/v2\/categories?post=4784"},{"taxonomy":"post_tag","embeddable":true,"href":"https:\/\/canal4nogoya.com\/web\/wp-json\/wp\/v2\/tags?post=4784"}],"curies":[{"name":"wp","href":"https:\/\/api.w.org\/{rel}","templated":true}]}}